{"id":6860,"date":"2025-07-07T17:58:22","date_gmt":"2025-07-07T16:58:22","guid":{"rendered":"https:\/\/informacionlocal.es\/das-rathaus-von-pajara-installiert-sonnensegel-in-den-klassenzimmern-fuer-kleinkinder-des-ceip-morro-jable-ii\/"},"modified":"2025-07-07T17:58:22","modified_gmt":"2025-07-07T16:58:22","slug":"das-rathaus-von-pajara-installiert-sonnensegel-in-den-klassenzimmern-fuer-kleinkinder-des-ceip-morro-jable-ii","status":"publish","type":"post","link":"https:\/\/informacionlocal.es\/de\/das-rathaus-von-pajara-installiert-sonnensegel-in-den-klassenzimmern-fuer-kleinkinder-des-ceip-morro-jable-ii\/","title":{"rendered":"Das Rathaus von P\u00e1jara installiert Sonnensegel in den Klassenzimmern f\u00fcr Kleinkinder des CEIP Morro Jable II"},"content":{"rendered":"<div class=\"entry-content\">\n<p><b><i>Mit der Aktion sollen schattige Pl\u00e4tze zum Spielen und Lernen im Freien geschaffen werden.<\/i><\/b><\/p>\n<p><span>Das Rathaus von P\u00e1jara schlie\u00dft \u00fcber das Bildungsministerium die Installation von vorgespannten Markisen in den Klassenzimmern im Freien f\u00fcr die zweij\u00e4hrigen Sch\u00fcler des CEIP Morro Jable II ab.  <\/span><\/p>\n<p><span>Der Hauptzweck dieser Ma\u00dfnahme besteht darin, die Bewohnbarkeit des Zentrums zu verbessern und die Kinder vor direkter Sonneneinstrahlung zu sch\u00fctzen, insbesondere in den Monaten mit der h\u00f6chsten Sonnenintensit\u00e4t.  <\/span><\/p>\n<p><span>Die Investition in H\u00f6he von mehr als 48.000 Euro geht zu Lasten des laufenden Gemeindehaushalts und entspricht dem Engagement des Stadtrats f\u00fcr die kontinuierliche Verbesserung der Bildungsinfrastrukturen der Gemeinde.  <\/span><\/p>\n<p><span>Die Stadtr\u00e4tin f\u00fcr Bildung, \u00c1ngeles Acosta, unterstreicht die Bedeutung dieser Verbesserung und weist darauf hin, dass damit &#8222;auf ein echtes Bed\u00fcrfnis des Zentrums und der Familien reagiert wird&#8220;. Sie f\u00fcgt hinzu, dass &#8222;diese Art von Ma\u00dfnahmen in den fr\u00fchen Entwicklungsphasen, in denen die Umgebung einen direkten Einfluss auf das Wohlbefinden und die Bildungserfahrung der Sch\u00fcler hat, unerl\u00e4sslich ist&#8220;.   <\/span><\/p>\n<p><span>Der B\u00fcrgermeister von P\u00e1jara, Alejandro Jorge, betonte seinerseits, dass &#8222;dies eine der Verpflichtungen war, die die Regierungsgruppe gegen\u00fcber den Sch\u00fclern dieses Zentrums eingegangen ist, da es unser Ziel ist, durch die Modernisierung und Anpassung der Infrastruktur zur Verbesserung der Qualit\u00e4t der Bildung beizutragen&#8220;.  <\/span><\/p>\n<p><span>Die Installation dieser Markisen erm\u00f6glicht es, auf den H\u00f6fen der Klassenr\u00e4ume der Schule Bereiche zu schaffen, die der direkten Sonneneinstrahlung weniger ausgesetzt sind und die Entwicklung von Aktivit\u00e4ten im Freien unter besseren Bedingungen beg\u00fcnstigen.<\/span><\/p>\n<\/div>\n","protected":false},"excerpt":{"rendered":"<p><i>Mit der Aktion sollen schattige Pl\u00e4tze zum Spielen und Lernen im Freien geschaffen werden.<\/i><\/p>\n","protected":false},"author":1,"featured_media":6858,"comment_status":"open","ping_status":"open","sticky":false,"template":"","format":"standard","meta":{"inline_featured_image":false,"jnews-multi-image_gallery":[],"jnews_single_post":[],"jnews_primary_category":[],"jnews_social_meta":[],"jnews_override_counter":[],"jnews_post_split":[],"footnotes":""},"categories":[297],"tags":[306],"class_list":["post-6860","post","type-post","status-publish","format-standard","has-post-thumbnail","hentry","category-pajara-de","tag-educacion-de"],"jetpack_featured_media_url":"https:\/\/informacionlocal.es\/wp-content\/uploads\/2025\/07\/toldos.jpeg","_links":{"self":[{"href":"https:\/\/informacionlocal.es\/de\/wp-json\/wp\/v2\/posts\/6860","targetHints":{"allow":["GET"]}}],"collection":[{"href":"https:\/\/informacionlocal.es\/de\/wp-json\/wp\/v2\/posts"}],"about":[{"href":"https:\/\/informacionlocal.es\/de\/wp-json\/wp\/v2\/types\/post"}],"author":[{"embeddable":true,"href":"https:\/\/informacionlocal.es\/de\/wp-json\/wp\/v2\/users\/1"}],"replies":[{"embeddable":true,"href":"https:\/\/informacionlocal.es\/de\/wp-json\/wp\/v2\/comments?post=6860"}],"version-history":[{"count":0,"href":"https:\/\/informacionlocal.es\/de\/wp-json\/wp\/v2\/posts\/6860\/revisions"}],"wp:featuredmedia":[{"embeddable":true,"href":"https:\/\/informacionlocal.es\/de\/wp-json\/wp\/v2\/media\/6858"}],"wp:attachment":[{"href":"https:\/\/informacionlocal.es\/de\/wp-json\/wp\/v2\/media?parent=6860"}],"wp:term":[{"taxonomy":"category","embeddable":true,"href":"https:\/\/informacionlocal.es\/de\/wp-json\/wp\/v2\/categories?post=6860"},{"taxonomy":"post_tag","embeddable":true,"href":"https:\/\/informacionlocal.es\/de\/wp-json\/wp\/v2\/tags?post=6860"}],"curies":[{"name":"wp","href":"https:\/\/api.w.org\/{rel}","templated":true}]}}