{"id":6771,"date":"2025-07-07T14:59:06","date_gmt":"2025-07-07T13:59:06","guid":{"rendered":"https:\/\/informacionlocal.es\/letzte-woche-fuer-die-beantragung-eines-schuelertransportplatzes-fuer-schueler-die-ausserhalb-der-gemeinde-studieren\/"},"modified":"2025-07-07T14:59:06","modified_gmt":"2025-07-07T13:59:06","slug":"letzte-woche-fuer-die-beantragung-eines-schuelertransportplatzes-fuer-schueler-die-ausserhalb-der-gemeinde-studieren","status":"publish","type":"post","link":"https:\/\/informacionlocal.es\/de\/letzte-woche-fuer-die-beantragung-eines-schuelertransportplatzes-fuer-schueler-die-ausserhalb-der-gemeinde-studieren\/","title":{"rendered":"Letzte Woche f\u00fcr die Beantragung eines Sch\u00fclertransportplatzes f\u00fcr Sch\u00fcler, die au\u00dferhalb der Gemeinde studieren"},"content":{"rendered":"<div class=\"elementor-widget-container\">\n<p><strong>Letzte Woche f\u00fcr die Beantragung eines Sch\u00fclertransportplatzes f\u00fcr Sch\u00fcler, die au\u00dferhalb der Gemeinde studieren<\/strong><\/p>\n<p><strong>Antigua garantiert mit 125.000 Euro den Sch\u00fclertransport f\u00fcr die Sch\u00fcler der Gemeinde.<\/strong><\/p>\n<p><strong>Das Sch\u00fclertransportsystem Antiguas erm\u00f6glicht die sichere Abholung von Sch\u00fclern der Sekundarstufe und der Berufsausbildung am Morgen, Nachmittag und Abend.<\/strong><\/p>\n<p><strong>&#8211; Die Frist f\u00fcr die Bewerbung um einen Studienplatz f\u00fcr eingeschriebene Studenten, die au\u00dferhalb der Gemeinde Antigua studieren, l\u00e4uft bis einschlie\u00dflich Freitag, den 11. Juli.<\/strong><br \/><strong>&#8211; Antigua stellt 125.000 Euro f\u00fcr die Sch\u00fclerbef\u00f6rderung bereit, um die Bef\u00f6rderung und Abholung von Sch\u00fclern, die au\u00dferhalb der Gemeinde studieren, zu gew\u00e4hrleisten.  <\/strong><br \/><strong>&#8211; Die zu diesem Zweck unter Vertrag genommenen Busse fahren eine Route, die den Transport und die Abholung der Sch\u00fcler zur Mittagszeit sowie am Nachmittag und Abend gew\u00e4hrleistet.<\/strong><\/p>\n<p>Das Rathaus von Antigua erinnert daran, dass die Frist f\u00fcr die Beantragung des Sch\u00fclertransports f\u00fcr Sch\u00fcler des Bachillerato und des Formative Cycles f\u00fcr das akademische Jahr 2025\/2026 diesen Freitag, den 11. Juli, endet.<\/p>\n<p>Wir garantieren diesen Service, der nicht nur das Reisen erleichtert, sondern auch die Sicherheit der Studenten und ihrer Familien gew\u00e4hrleistet, indem wir den Service morgens, nachmittags und abends anbieten&#8220;, sagt B\u00fcrgermeister Mat\u00edas Pe\u00f1a und stellt daf\u00fcr 125.000 Euro zur Verf\u00fcgung.<\/p>\n<p>Die Stadtr\u00e4tin f\u00fcr Bildung, Am\u00e9rica Soto, erinnert daran, dass nur noch diese Woche Zeit bleibt, um sich f\u00fcr einen Platz f\u00fcr Sch\u00fcler des Bachillerato oder Ciclos Formativos, die in der Gemeinde wohnen, zu bewerben. Sie m\u00fcssen unter anderem die ordnungsgem\u00e4\u00df abgestempelte Immatrikulationsbescheinigung, ein Passfoto im Original, eine Fotokopie des Personalausweises des Interessenten und der Erziehungsberechtigten sowie die ordnungsgem\u00e4\u00df ausgef\u00fcllten und unterschriebenen Formulare vorlegen. <\/p>\n<p>Der Antrag muss im Rathaus von Antigua, im B\u00fcro des B\u00fcrgermeisters in Caleta de Fuste oder \u00fcber die Website www.ayto-antigua.es eingereicht werden. Die Stadtr\u00e4tin weist darauf hin, dass die Bildungsabteilung den Antragstellern f\u00fcr weitere Informationen zur Verf\u00fcgung steht oder ihnen bei der Einreichung ihres Antrags behilflich ist, entweder pers\u00f6nlich oder unter 928168170.<\/p>\n<\/div>\n","protected":false},"excerpt":{"rendered":"<p><strong>Letzte Woche f\u00fcr die Beantragung eines Sch\u00fclertransportplatzes f\u00fcr Sch\u00fcler, die au\u00dferhalb der Gemeinde studieren<\/strong><\/p>\n","protected":false},"author":1,"featured_media":6768,"comment_status":"open","ping_status":"open","sticky":false,"template":"","format":"standard","meta":{"inline_featured_image":false,"jnews-multi-image_gallery":[],"jnews_single_post":[],"jnews_primary_category":[],"jnews_social_meta":[],"jnews_override_counter":[],"jnews_post_split":[],"footnotes":""},"categories":[283],"tags":[306],"class_list":["post-6771","post","type-post","status-publish","format-standard","has-post-thumbnail","hentry","category-antigua-de","tag-educacion-de"],"jetpack_featured_media_url":"https:\/\/informacionlocal.es\/wp-content\/uploads\/2025\/07\/transporte-escolar.jpg","_links":{"self":[{"href":"https:\/\/informacionlocal.es\/de\/wp-json\/wp\/v2\/posts\/6771","targetHints":{"allow":["GET"]}}],"collection":[{"href":"https:\/\/informacionlocal.es\/de\/wp-json\/wp\/v2\/posts"}],"about":[{"href":"https:\/\/informacionlocal.es\/de\/wp-json\/wp\/v2\/types\/post"}],"author":[{"embeddable":true,"href":"https:\/\/informacionlocal.es\/de\/wp-json\/wp\/v2\/users\/1"}],"replies":[{"embeddable":true,"href":"https:\/\/informacionlocal.es\/de\/wp-json\/wp\/v2\/comments?post=6771"}],"version-history":[{"count":0,"href":"https:\/\/informacionlocal.es\/de\/wp-json\/wp\/v2\/posts\/6771\/revisions"}],"wp:featuredmedia":[{"embeddable":true,"href":"https:\/\/informacionlocal.es\/de\/wp-json\/wp\/v2\/media\/6768"}],"wp:attachment":[{"href":"https:\/\/informacionlocal.es\/de\/wp-json\/wp\/v2\/media?parent=6771"}],"wp:term":[{"taxonomy":"category","embeddable":true,"href":"https:\/\/informacionlocal.es\/de\/wp-json\/wp\/v2\/categories?post=6771"},{"taxonomy":"post_tag","embeddable":true,"href":"https:\/\/informacionlocal.es\/de\/wp-json\/wp\/v2\/tags?post=6771"}],"curies":[{"name":"wp","href":"https:\/\/api.w.org\/{rel}","templated":true}]}}