{"id":6754,"date":"2025-07-07T13:58:41","date_gmt":"2025-07-07T12:58:41","guid":{"rendered":"https:\/\/informacionlocal.es\/das-cabildo-von-fuerteventura-initiiert-erfolgreich-schulungsgespraeche-zur-elterlichen-kontrolle\/"},"modified":"2025-07-07T13:58:41","modified_gmt":"2025-07-07T12:58:41","slug":"das-cabildo-von-fuerteventura-initiiert-erfolgreich-schulungsgespraeche-zur-elterlichen-kontrolle","status":"publish","type":"post","link":"https:\/\/informacionlocal.es\/de\/das-cabildo-von-fuerteventura-initiiert-erfolgreich-schulungsgespraeche-zur-elterlichen-kontrolle\/","title":{"rendered":"Das Cabildo von Fuerteventura initiiert erfolgreich Schulungsgespr\u00e4che zur elterlichen Kontrolle"},"content":{"rendered":"<div class=\"entry-content\"><strong>7. Juli, 2025<\/strong><\/p>\n<p><em><strong>W\u00e4hrend der Ausbildung werden verschiedene Orte der Insel besucht.<\/strong><\/em><\/p>\n<p>Das Cabildo de Fuerteventura hat \u00fcber die Abteilung f\u00fcr neue Technologien erfolgreich die Schulungsaktion &#8222;Elterliche Kontrolle und sichere Nutzung von Handys und Tablets&#8220; gestartet, die sich an die Elternvereinigungen der Sch\u00fcler (FIMAPA) der Insel richtet.<\/p>\n<p>Das vom FDCAN finanzierte Projekt zielt vor allem darauf ab, den Familien Werkzeuge und Kenntnisse an die Hand zu geben, die es ihnen erm\u00f6glichen, die Nutzung von Mobiltelefonen und Tablets durch ihre Kinder zu beaufsichtigen und effektiv zu steuern und so ein sicheres digitales Umfeld zu f\u00f6rdern. Die Schulung hat bereits im Kulturzentrum Tesjuate begonnen und wird an verschiedenen Orten wie Morro Jable, Costa Calma, Gran Tarajal, Antigua, Puerto del Rosario, La Oliva und Corralejo durchgef\u00fchrt. <\/p>\n<p>Die Inselr\u00e4tin f\u00fcr neue Technologien, Carmen Alonso, unterstreicht den Wert dieser Initiative, um &#8222;Familien&#8220; mit n\u00fctzlichen und aktuellen Informationen zu versorgen, damit sie ihre Kinder in der digitalen Welt begleiten k\u00f6nnen. In diesem Sinne unterstreicht sie das Engagement des Cabildo Majorero f\u00fcr die digitale Bildung und den Schutz von Minderj\u00e4hrigen in der Online-Umgebung. &#8222;Immer mehr Kinder haben schon in jungen Jahren Zugang zu Technologien und sozialen Netzwerken, weshalb wir dieses Programm f\u00fcr unerl\u00e4sslich halten&#8220;, schlie\u00dft sie.  <\/p>\n<p><strong>Strategischer Wissenszweig F+E+i<\/strong><\/p>\n<p>In den Gespr\u00e4chen werden wichtige Themen wie die Vorteile und Risiken der Nutzung digitaler Ger\u00e4te, die Verwendung von Werkzeugen zur elterlichen Kontrolle, die sichere Konfiguration von Mobiltelefonen und Empfehlungen f\u00fcr eine verantwortungsvolle und eigenst\u00e4ndige Nutzung der Technologie angesprochen. Dar\u00fcber hinaus werden den Familien Hilfsmaterialien zur Verf\u00fcgung gestellt, darunter praktische Leitf\u00e4den, Internetressourcen und Videoanleitungen. <\/p>\n<p>Die Vortr\u00e4ge sind Teil der strategischen Wissenslinie F+E+i des Cabildo von Fuerteventura im Rahmen der F\u00f6rderung digitaler \u00f6ffentlicher Dienste und der Aktion &#8222;Digitale Kompetenzen f\u00fcr die B\u00fcrgerschaft&#8220;. Das Projekt zielt letztlich darauf ab, Innovation und Wissen als S\u00e4ulen f\u00fcr eine digital vorbereitete Gesellschaft zu f\u00f6rdern. <\/p>\n<\/div>\n","protected":false},"excerpt":{"rendered":"<p>7. Juli, 2025 W\u00e4hrend der Ausbildung werden verschiedene Orte der Insel besucht. Das Cabildo de Fuerteventura hat \u00fcber die Abteilung f\u00fcr neue Technologien erfolgreich die Schulungsaktion &#8222;Elterliche Kontrolle und sichere [&hellip;]<\/p>\n","protected":false},"author":1,"featured_media":6752,"comment_status":"open","ping_status":"open","sticky":false,"template":"","format":"standard","meta":{"inline_featured_image":false,"jnews-multi-image_gallery":[],"jnews_single_post":[],"jnews_primary_category":[],"jnews_social_meta":[],"jnews_override_counter":[],"jnews_post_split":[],"footnotes":""},"categories":[287],"tags":[306,216,197],"class_list":["post-6754","post","type-post","status-publish","format-standard","has-post-thumbnail","hentry","category-cabildo-de","tag-educacion-de","tag-fuerteventura-de","tag-offentliche-dienste"],"jetpack_featured_media_url":"https:\/\/informacionlocal.es\/wp-content\/uploads\/2025\/07\/qwww.jpeg","_links":{"self":[{"href":"https:\/\/informacionlocal.es\/de\/wp-json\/wp\/v2\/posts\/6754","targetHints":{"allow":["GET"]}}],"collection":[{"href":"https:\/\/informacionlocal.es\/de\/wp-json\/wp\/v2\/posts"}],"about":[{"href":"https:\/\/informacionlocal.es\/de\/wp-json\/wp\/v2\/types\/post"}],"author":[{"embeddable":true,"href":"https:\/\/informacionlocal.es\/de\/wp-json\/wp\/v2\/users\/1"}],"replies":[{"embeddable":true,"href":"https:\/\/informacionlocal.es\/de\/wp-json\/wp\/v2\/comments?post=6754"}],"version-history":[{"count":0,"href":"https:\/\/informacionlocal.es\/de\/wp-json\/wp\/v2\/posts\/6754\/revisions"}],"wp:featuredmedia":[{"embeddable":true,"href":"https:\/\/informacionlocal.es\/de\/wp-json\/wp\/v2\/media\/6752"}],"wp:attachment":[{"href":"https:\/\/informacionlocal.es\/de\/wp-json\/wp\/v2\/media?parent=6754"}],"wp:term":[{"taxonomy":"category","embeddable":true,"href":"https:\/\/informacionlocal.es\/de\/wp-json\/wp\/v2\/categories?post=6754"},{"taxonomy":"post_tag","embeddable":true,"href":"https:\/\/informacionlocal.es\/de\/wp-json\/wp\/v2\/tags?post=6754"}],"curies":[{"name":"wp","href":"https:\/\/api.w.org\/{rel}","templated":true}]}}