{"id":6718,"date":"2025-07-07T12:59:15","date_gmt":"2025-07-07T11:59:15","guid":{"rendered":"https:\/\/informacionlocal.es\/antigua-gibt-die-anmeldung-fuer-das-imserso-programm-urlaub-fuer-aeltere-menschen-bekannt\/"},"modified":"2025-07-07T12:59:15","modified_gmt":"2025-07-07T11:59:15","slug":"antigua-gibt-die-anmeldung-fuer-das-imserso-programm-urlaub-fuer-aeltere-menschen-bekannt","status":"publish","type":"post","link":"https:\/\/informacionlocal.es\/de\/antigua-gibt-die-anmeldung-fuer-das-imserso-programm-urlaub-fuer-aeltere-menschen-bekannt\/","title":{"rendered":"Antigua gibt die Anmeldung f\u00fcr das Imserso-Programm &#8222;Urlaub f\u00fcr \u00e4ltere Menschen&#8220; bekannt"},"content":{"rendered":"<div class=\"elementor-widget-container\">\n<p><strong>Antigua gibt die Anmeldung f\u00fcr das Imserso-Programm &#8222;Urlaub f\u00fcr \u00e4ltere Menschen&#8220; bekannt<\/strong><\/p>\n<p><strong>&#8211; Die Abteilung f\u00fcr soziale Dienste arbeitet mit dem Imserso zusammen, um dieses Programm anzuk\u00fcndigen und die Anmeldung der in der Gemeinde registrierten Senioren zu erleichtern, die sich f\u00fcr dieses Ferienprogramm anmelden m\u00f6chten.<\/strong><\/p>\n<p><strong>&#8211; Die Anmeldefrist f\u00fcr das Programm &#8222;Imserso-Ferien f\u00fcr \u00e4ltere Menschen&#8220; l\u00e4uft bis zum 21. Juli 2025.<\/strong><\/p>\n<p>Die Stadtverwaltung von Antigua und die Abteilung f\u00fcr soziale Dienste arbeiten mit dem Imserso zusammen, um die Er\u00f6ffnung des Programms Vacaciones para Mayores f\u00fcr die neue Saison 2025-2026 zu erm\u00f6glichen und anzuk\u00fcndigen, erkl\u00e4rt der B\u00fcrgermeister Mat\u00edas Pe\u00f1a.<\/p>\n<p>Die Gemeinder\u00e4tin Am\u00e9rica Soto Betancor weist darauf hin, dass dieses Programm nichts mit den Programmen zu tun hat, die das Rathaus von Antigua selbst jedes Jahr organisiert, sondern vielmehr das Angebot an Ausfl\u00fcgen f\u00fcr unsere \u00e4lteren Menschen erg\u00e4nzt und erweitert.<\/p>\n<p>In diesem Zusammenhang wird bekannt gegeben, dass die Bewerbungsfrist f\u00fcr interessierte Rentnerinnen und Rentner, die in der Gemeinde Antigua wohnhaft und gemeldet sind, mindestens 65 Jahre alt sind, ausgenommen Witwenrentenempf\u00e4nger oder Leistungsempf\u00e4nger, sowie Empf\u00e4nger des spanischen Sozialversicherungssystems ist, ab sofort l\u00e4uft.<\/p>\n<p>Die Interessenten und Begleitpersonen, die die Anforderungen erf\u00fcllen, m\u00fcssen bei der Durchf\u00fchrung von grundlegenden Aktivit\u00e4ten des t\u00e4glichen Lebens selbst\u00e4ndig sein, sagt die Grundlage des Aufrufs, und Details der Stadtrat, k\u00f6nnen Sie immer weitere Informationen in der Abteilung f\u00fcr soziale Dienste oder unter der Telefonnummer 928 549651 von Montag bis Freitag von 08:00 bis 12:45 Uhr.<\/p>\n<p>Die Frist f\u00fcr die Einreichung von Antr\u00e4gen endet am 21. Juli 2025, erinnert Stadtrat Soto Betancor, der das Sozialamt den \u00e4lteren Menschen der Gemeinde zur Verf\u00fcgung gestellt hat, um die Anmeldung der Interessenten zu erleichtern.<\/p>\n<\/div>\n","protected":false},"excerpt":{"rendered":"<p><strong>Antigua gibt die Anmeldung f\u00fcr das Imserso-Programm &#8222;Urlaub f\u00fcr \u00e4ltere Menschen&#8220; bekannt<\/strong><\/p>\n","protected":false},"author":1,"featured_media":6716,"comment_status":"open","ping_status":"open","sticky":false,"template":"","format":"standard","meta":{"inline_featured_image":false,"jnews-multi-image_gallery":[],"jnews_single_post":[],"jnews_primary_category":[],"jnews_social_meta":[],"jnews_override_counter":[],"jnews_post_split":[],"footnotes":""},"categories":[283],"tags":[],"class_list":["post-6718","post","type-post","status-publish","format-standard","has-post-thumbnail","hentry","category-antigua-de"],"jetpack_featured_media_url":"https:\/\/informacionlocal.es\/wp-content\/uploads\/2025\/07\/antigua-facilita-inscripcion-a-las-vacaciones-de-mayors-por-el-imsersoi-scaled-1.jpg","_links":{"self":[{"href":"https:\/\/informacionlocal.es\/de\/wp-json\/wp\/v2\/posts\/6718","targetHints":{"allow":["GET"]}}],"collection":[{"href":"https:\/\/informacionlocal.es\/de\/wp-json\/wp\/v2\/posts"}],"about":[{"href":"https:\/\/informacionlocal.es\/de\/wp-json\/wp\/v2\/types\/post"}],"author":[{"embeddable":true,"href":"https:\/\/informacionlocal.es\/de\/wp-json\/wp\/v2\/users\/1"}],"replies":[{"embeddable":true,"href":"https:\/\/informacionlocal.es\/de\/wp-json\/wp\/v2\/comments?post=6718"}],"version-history":[{"count":0,"href":"https:\/\/informacionlocal.es\/de\/wp-json\/wp\/v2\/posts\/6718\/revisions"}],"wp:featuredmedia":[{"embeddable":true,"href":"https:\/\/informacionlocal.es\/de\/wp-json\/wp\/v2\/media\/6716"}],"wp:attachment":[{"href":"https:\/\/informacionlocal.es\/de\/wp-json\/wp\/v2\/media?parent=6718"}],"wp:term":[{"taxonomy":"category","embeddable":true,"href":"https:\/\/informacionlocal.es\/de\/wp-json\/wp\/v2\/categories?post=6718"},{"taxonomy":"post_tag","embeddable":true,"href":"https:\/\/informacionlocal.es\/de\/wp-json\/wp\/v2\/tags?post=6718"}],"curies":[{"name":"wp","href":"https:\/\/api.w.org\/{rel}","templated":true}]}}