{"id":6707,"date":"2025-07-07T11:59:07","date_gmt":"2025-07-07T10:59:07","guid":{"rendered":"https:\/\/informacionlocal.es\/das-cabildo-prangert-die-prekaere-situation-des-personals-und-der-nutzer-des-inselamtes-fuer-bildung-und-bildungsinspektion-auf-fuerteventura-an\/"},"modified":"2025-07-07T11:59:07","modified_gmt":"2025-07-07T10:59:07","slug":"das-cabildo-prangert-die-prekaere-situation-des-personals-und-der-nutzer-des-inselamtes-fuer-bildung-und-bildungsinspektion-auf-fuerteventura-an","status":"publish","type":"post","link":"https:\/\/informacionlocal.es\/de\/das-cabildo-prangert-die-prekaere-situation-des-personals-und-der-nutzer-des-inselamtes-fuer-bildung-und-bildungsinspektion-auf-fuerteventura-an\/","title":{"rendered":"Das Cabildo prangert die prek\u00e4re Situation des Personals und der Nutzer des Inselamtes f\u00fcr Bildung und Bildungsinspektion auf Fuerteventura an."},"content":{"rendered":"<div class=\"entry-content\"><strong>7. Juli, 2025<\/strong><\/p>\n<p><em><strong>Die Einrichtungen befinden sich in einem Keller, der nicht den erforderlichen Mindestqualit\u00e4tsstandards entspricht, was die Gesundheit und Sicherheit der Arbeitnehmer und Nutzer beeintr\u00e4chtigt.<\/strong><\/em><\/p>\n<p>Das Cabildo von Fuerteventura prangert den beklagenswerten Zustand der Einrichtungen des Insularen Amtes f\u00fcr Bildung und Bildungsinspektion an, die seit sieben Monaten in Einrichtungen untergebracht sind, die nicht den Mindestqualit\u00e4tsstandards entsprechen.<\/p>\n<p>Eine Situation, unter der laut der Bildungsbeauftragten der Insel, Adargoma Hern\u00e1ndez, nicht nur die Angestellten des Dienstes seit geraumer Zeit leiden, da sie keine angemessenen und sicheren Arbeitsbedingungen haben, sondern auch die Nutzer, die t\u00e4glich in die B\u00fcros in der Calle Sevilla in Puerto del Rosario kommen.<\/p>\n<p>Adargoma Hern\u00e1ndez unterstreicht, dass &#8222;wir das kanarische Bildungsministerium bereits mehrfach darauf aufmerksam gemacht haben, ebenso wie auf der letzten Sitzung des Kanarischen Schulrats, dem Gremium f\u00fcr die Beteiligung der Sektoren, die am unmittelbarsten mit dem Bildungssektor der autonomen Gemeinschaft verbunden sind&#8220;.<\/p>\n<p>Dar\u00fcber hinaus hat die Pr\u00e4sidentin Lola Garc\u00eda am 4. Juni schriftlich um eine Dringlichkeitssitzung gebeten, um die Probleme im Zusammenhang mit der Bildung auf der Insel anzugehen, ohne eine Antwort zu erhalten.<\/p>\n<p>Aus diesem Grund &#8222;werden wir erneut eine Dringlichkeitssitzung beantragen, um unter anderem eine schwerwiegende Angelegenheit zu er\u00f6rtern, die die Qualit\u00e4t der Pflege auf Fuerteventura und die Gesundheit der Besch\u00e4ftigten am Arbeitsplatz beeintr\u00e4chtigt, die ihre Arbeit in einem Keller ohne Bel\u00fcftung, mit Feuchtigkeit und ohne jegliche Ma\u00dfnahmen zur F\u00f6rderung der Zug\u00e4nglichkeit oder der Privatsph\u00e4re in diesem Raum verrichten. Dar\u00fcber hinaus m\u00fcssen wir unter anderem \u00fcber den Zustand anderer im Haushalt vorgesehener Infrastrukturen und den Stand der Umsetzung des Infrastrukturplans informiert werden&#8220;.<\/p>\n<p>Eine Situation, die laut Hern\u00e1ndez in der Sommersaison noch ernster ist, wenn die Temperaturen hoch sind und diese B\u00fcros eine gro\u00dfe Anzahl von Nutzern aus der Bildungsgemeinschaft empfangen, &#8222;w\u00e4hrend andererseits der Bildungsdirektor der Insel in anderen Einrichtungen ist, die meilenweit von dem entfernt sind, was die Mitarbeiter und Nutzer dort t\u00e4glich erleben. Dies ist etwas, was das Cabildo von Fuerteventura nicht zulassen wird, und wir werden weiterhin eine dringende L\u00f6sung f\u00fcr eine unhaltbare Situation fordern&#8220;.<\/p>\n<\/div>\n","protected":false},"excerpt":{"rendered":"<p>7. Juli, 2025 Die Einrichtungen befinden sich in einem Keller, der nicht den erforderlichen Mindestqualit\u00e4tsstandards entspricht, was die Gesundheit und Sicherheit der Arbeitnehmer und Nutzer beeintr\u00e4chtigt. Das Cabildo von Fuerteventura [&hellip;]<\/p>\n","protected":false},"author":1,"featured_media":6703,"comment_status":"open","ping_status":"open","sticky":false,"template":"","format":"standard","meta":{"inline_featured_image":false,"jnews-multi-image_gallery":[],"jnews_single_post":[],"jnews_primary_category":[],"jnews_social_meta":[],"jnews_override_counter":[],"jnews_post_split":[],"footnotes":""},"categories":[287],"tags":[306,216],"class_list":["post-6707","post","type-post","status-publish","format-standard","has-post-thumbnail","hentry","category-cabildo-de","tag-educacion-de","tag-fuerteventura-de"],"jetpack_featured_media_url":"https:\/\/informacionlocal.es\/wp-content\/uploads\/2025\/07\/swww.jpeg","_links":{"self":[{"href":"https:\/\/informacionlocal.es\/de\/wp-json\/wp\/v2\/posts\/6707","targetHints":{"allow":["GET"]}}],"collection":[{"href":"https:\/\/informacionlocal.es\/de\/wp-json\/wp\/v2\/posts"}],"about":[{"href":"https:\/\/informacionlocal.es\/de\/wp-json\/wp\/v2\/types\/post"}],"author":[{"embeddable":true,"href":"https:\/\/informacionlocal.es\/de\/wp-json\/wp\/v2\/users\/1"}],"replies":[{"embeddable":true,"href":"https:\/\/informacionlocal.es\/de\/wp-json\/wp\/v2\/comments?post=6707"}],"version-history":[{"count":0,"href":"https:\/\/informacionlocal.es\/de\/wp-json\/wp\/v2\/posts\/6707\/revisions"}],"wp:featuredmedia":[{"embeddable":true,"href":"https:\/\/informacionlocal.es\/de\/wp-json\/wp\/v2\/media\/6703"}],"wp:attachment":[{"href":"https:\/\/informacionlocal.es\/de\/wp-json\/wp\/v2\/media?parent=6707"}],"wp:term":[{"taxonomy":"category","embeddable":true,"href":"https:\/\/informacionlocal.es\/de\/wp-json\/wp\/v2\/categories?post=6707"},{"taxonomy":"post_tag","embeddable":true,"href":"https:\/\/informacionlocal.es\/de\/wp-json\/wp\/v2\/tags?post=6707"}],"curies":[{"name":"wp","href":"https:\/\/api.w.org\/{rel}","templated":true}]}}