{"id":6613,"date":"2025-07-06T23:59:48","date_gmt":"2025-07-06T22:59:48","guid":{"rendered":"https:\/\/informacionlocal.es\/das-cabildo-von-fuerteventura-organisiert-die-konferenz-tecnofest-um-technologische-loesungen-fuer-den-lokalen-handel-zu-foerdern\/"},"modified":"2025-07-06T23:59:48","modified_gmt":"2025-07-06T22:59:48","slug":"das-cabildo-von-fuerteventura-organisiert-die-konferenz-tecnofest-um-technologische-loesungen-fuer-den-lokalen-handel-zu-foerdern","status":"publish","type":"post","link":"https:\/\/informacionlocal.es\/de\/das-cabildo-von-fuerteventura-organisiert-die-konferenz-tecnofest-um-technologische-loesungen-fuer-den-lokalen-handel-zu-foerdern\/","title":{"rendered":"Das Cabildo von Fuerteventura organisiert die Konferenz TecnoFest, um technologische L\u00f6sungen f\u00fcr den lokalen Handel zu f\u00f6rdern"},"content":{"rendered":"<div class=\"entry-content\"><strong>1. Juli, 2025<\/strong><\/p>\n<p><em><strong>Die Initiative findet am kommenden Mittwoch, dem 9. Juli, auf der Plaza de Lajares statt und wird multidisziplin\u00e4re Teams, Mentoren und lokale Unternehmen zusammenbringen, die sich mit realen Herausforderungen befassen.<\/strong><\/em><\/p>\n<p>Das Cabildo de Fuerteventura veranstaltet \u00fcber den Bereich Neue Technologien des Cabildo de Fuerteventura unter der Leitung von Stadtr\u00e4tin Carmen Alonso das TecnoFest Fuerteventura, das Teil seines Programms zur technologischen Dynamisierung ist.<\/p>\n<p>Mit einem innovativen Format, das darauf abzielt, lokale Talente, Unternehmen und B\u00fcrger miteinander zu verbinden, wurde das TecnoFest mit dem Ziel ins Leben gerufen, \u00fcber die Bedeutung der Technologie f\u00fcr die Bew\u00e4ltigung allt\u00e4glicher Herausforderungen in Wirtschaft und Gesellschaft nachzudenken. Au\u00dferdem soll es einen Raum f\u00fcr aktive Zusammenarbeit schaffen, in dem echte, in der Region anwendbare L\u00f6sungen entstehen. <\/p>\n<p>Die Veranstaltung findet am Mittwoch, dem 9. Juli, von 10.00 bis 13.00 Uhr auf der Plaza de Lajares in der Gemeinde La Oliva statt und steht allen Interessierten offen, die als B\u00fcrger oder als Mitglieder der Arbeitsteams teilnehmen m\u00f6chten.<\/p>\n<p>Im Laufe des Tages werden f\u00fcnf multidisziplin\u00e4re Teams, die sich aus Personen mit unterschiedlichen Profilen zusammensetzen und von einem spezialisierten Mentor begleitet werden, an realen Problemen arbeiten, die von lokalen Unternehmen und Organisationen gestellt werden. Jede Gruppe muss eine technologische L\u00f6sung f\u00fcr die ermittelten Herausforderungen vorschlagen und eine Pr\u00e4sentation vorbereiten, die am Ende der Veranstaltung vorgestellt wird. <\/p>\n<p>&#8222;Wir wollen, dass Technologie und digitale Transformation offene und zug\u00e4ngliche Prozesse sind. Mit dem TecnoFest wollen wir den Menschen die Technologie auf eine enge und partizipative Weise n\u00e4her bringen und zeigen, dass jeder mit seiner Erfahrung wertvolle Ideen einbringen kann, die unserem wirtschaftlichen und sozialen Gef\u00fcge zugutekommen&#8220;, betont die Stadtr\u00e4tin f\u00fcr neue Technologien, Carmen Alonso.<\/p>\n<p>Das Programm umfasst einen Er\u00f6ffnungsvortrag mit dem Titel &#8222;Technology to transform&#8220;, gemeinsame Workshops und einen abschlie\u00dfenden Raum f\u00fcr die Pr\u00e4sentation von L\u00f6sungen namens TecnoExpo, in dem jedes Team seine Vorschl\u00e4ge \u00f6ffentlich vorstellen wird. Den Abschluss des Tages bildet ein Moment der Musik und des Networkings, der die Verbindung zwischen Teilnehmern, Mentoren und dem Publikum erleichtern wird. <\/p>\n<p>TecnoFest Fuerteventura ist Teil der Strategie des Cabildo de Fuerteventura zur F\u00f6rderung der Digitalisierung, der praktischen Innovation und der Entwicklung neuer Kompetenzen in den Gemeinden der Insel, insbesondere bei kleinen Unternehmen, Selbstst\u00e4ndigen und Unternehmern.<\/p>\n<p>Die Teilnahme ist kostenlos und die Pl\u00e4tze in den Teams sind begrenzt.<\/p>\n<p>Interessierte k\u00f6nnen \u00fcber die Website des Cabildo de Fuerteventura und die offiziellen Kan\u00e4le des Bereichs Neue Technologien weitere Informationen abrufen und sich anmelden. https:\/\/docs.google.com\/forms\/d\/e\/1FAIpQLSd2bgY5yXwKRcfZdIs2w5_iBZGFonFOzegen8KCUbz9yjGLCQ\/viewform<\/p>\n<\/div>\n","protected":false},"excerpt":{"rendered":"<p>1. Juli, 2025 Die Initiative findet am kommenden Mittwoch, dem 9. Juli, auf der Plaza de Lajares statt und wird multidisziplin\u00e4re Teams, Mentoren und lokale Unternehmen zusammenbringen, die sich mit [&hellip;]<\/p>\n","protected":false},"author":1,"featured_media":6610,"comment_status":"open","ping_status":"open","sticky":false,"template":"","format":"standard","meta":{"inline_featured_image":false,"jnews-multi-image_gallery":[],"jnews_single_post":[],"jnews_primary_category":[],"jnews_social_meta":[],"jnews_override_counter":[],"jnews_post_split":[],"footnotes":""},"categories":[287],"tags":[216,196],"class_list":["post-6613","post","type-post","status-publish","format-standard","has-post-thumbnail","hentry","category-cabildo-de","tag-fuerteventura-de","tag-gemeinden"],"jetpack_featured_media_url":"https:\/\/informacionlocal.es\/wp-content\/uploads\/2025\/07\/erer.jpeg","_links":{"self":[{"href":"https:\/\/informacionlocal.es\/de\/wp-json\/wp\/v2\/posts\/6613","targetHints":{"allow":["GET"]}}],"collection":[{"href":"https:\/\/informacionlocal.es\/de\/wp-json\/wp\/v2\/posts"}],"about":[{"href":"https:\/\/informacionlocal.es\/de\/wp-json\/wp\/v2\/types\/post"}],"author":[{"embeddable":true,"href":"https:\/\/informacionlocal.es\/de\/wp-json\/wp\/v2\/users\/1"}],"replies":[{"embeddable":true,"href":"https:\/\/informacionlocal.es\/de\/wp-json\/wp\/v2\/comments?post=6613"}],"version-history":[{"count":0,"href":"https:\/\/informacionlocal.es\/de\/wp-json\/wp\/v2\/posts\/6613\/revisions"}],"wp:featuredmedia":[{"embeddable":true,"href":"https:\/\/informacionlocal.es\/de\/wp-json\/wp\/v2\/media\/6610"}],"wp:attachment":[{"href":"https:\/\/informacionlocal.es\/de\/wp-json\/wp\/v2\/media?parent=6613"}],"wp:term":[{"taxonomy":"category","embeddable":true,"href":"https:\/\/informacionlocal.es\/de\/wp-json\/wp\/v2\/categories?post=6613"},{"taxonomy":"post_tag","embeddable":true,"href":"https:\/\/informacionlocal.es\/de\/wp-json\/wp\/v2\/tags?post=6613"}],"curies":[{"name":"wp","href":"https:\/\/api.w.org\/{rel}","templated":true}]}}