{"id":6604,"date":"2025-07-06T23:07:11","date_gmt":"2025-07-06T22:07:11","guid":{"rendered":"https:\/\/informacionlocal.es\/madrid-steigt-in-den-bus-nach-fuerteventura-ein\/"},"modified":"2025-07-06T23:07:11","modified_gmt":"2025-07-06T22:07:11","slug":"madrid-steigt-in-den-bus-nach-fuerteventura-ein","status":"publish","type":"post","link":"https:\/\/informacionlocal.es\/de\/madrid-steigt-in-den-bus-nach-fuerteventura-ein\/","title":{"rendered":"Madrid steigt in den Bus nach Fuerteventura ein"},"content":{"rendered":"<div class=\"entry-content\"><strong>2. Juli, 2025<\/strong><\/p>\n<p><em><strong>Mitten in der Hitzewelle startet der Tourismus eine erfrischende Kampagne im Central District, die t\u00e4glich von 2 Millionen Menschen gesehen werden wird.<\/strong><\/em><\/p>\n<p><em><strong>Die H\u00e4lfte der Inlandsfl\u00fcge in diesem Sommer startet von Barajas aus<\/strong><\/em><\/p>\n<p><em><strong>Marlene Figueroa: &#8222;Wir lenken die Aufmerksamkeit der spanischen Hauptstadt auf die F\u00f6rderung der Besch\u00e4ftigung und der Wirtschaft auf unserer Insel&#8220;.<\/strong><\/em><\/p>\n<p>Die Str\u00e4nde Fuerteventuras und die K\u00fchle seiner endlosen K\u00fcsten erhalten in diesem Juli auf dem gl\u00fchenden Asphalt von Madrid eine ganz besondere Bedeutung. Das Fremdenverkehrsamt von Fuerteventura appelliert mitten in der Hitzewelle an den &#8222;\u00dcberlebensinstinkt&#8220; des nationalen Marktes mit einer intensiven Kampagne (2 Millionen Aufschl\u00e4ge pro Tag) auf den Bussen, die durch das Zentralviertel von Madrid fahren. <\/p>\n<p>Die Tourismusbeauftragte der Inselregierung von Fuerteventura, Marlene Figueroa, weist darauf hin, dass der Erfolg einer gut geplanten Kampagne um ein Vielfaches gr\u00f6\u00dfer ist, wenn sie das richtige Timing hat. &#8222;Die Hitzewelle, die in diesen Tagen auf der Halbinsel w\u00fctet, ist unser bester K\u00f6der f\u00fcr eine rechtzeitige Kampagne, die mit erfrischenden Str\u00e4nden einen Kontrapunkt setzt&#8220;. <\/p>\n<p>Mit dieser Kampagne in 25 st\u00e4dtischen Bussen der st\u00e4dtischen Verkehrsbetriebe von Madrid (EMT), die in diesem Monat ihre traditionelle rote Farbe gegen das T\u00fcrkisblau des Meeres von Fuerteventura eintauschen, &#8222;lenken wir die Aufmerksamkeit der spanischen Hauptstadt und des nationalen Tourismus auf die F\u00f6rderung der Besch\u00e4ftigung und der Wirtschaft auf unserer Insel&#8220;.<\/p>\n<p>Diesbez\u00fcglich zeigen die offiziellen Daten von Promotur Canarias einen starken Anstieg von 17,6 Prozent bei den Flugverbindungen mit dem Festland in der laufenden Sommersaison, was einem Angebot von 333.140 Sitzen entspricht. Davon kommt die H\u00e4lfte von den verschiedenen Terminals des Flughafens Madrid Barajas. <\/p>\n<p>  Dar\u00fcber hinaus sch\u00e4tzt Promotur Canarias, dass die durchschnittlichen Ausgaben des Halbinseltouristen in diesem Reiseziel 159,4 Euro pro Tag betragen. Diese Ausgaben wirken sich direkt auf die lokale Wirtschaft Fuerteventuras aus und schaffen Arbeitspl\u00e4tze. <\/p>\n<p>  Die Kampagne, die gestern, am 1. Juli, begann und bis zum Ende des Monats auf den Hauptstra\u00dfen Madrids fortgesetzt wird, wird weltweit etwa 60 Millionen Menschen erreichen, darunter die Benutzer \u00f6ffentlicher Verkehrsmittel, die Benutzer von Privatfahrzeugen, die im Zentralbezirk verkehren, die Bewohner und Arbeitnehmer dieses Teils der Hauptstadt und vor allem die Tausenden von Besuchern, die t\u00e4glich durch das Zentrum von Madrid fahren.<\/p>\n<p>  Diese mutige Werbung des Fremdenverkehrsamtes von Fuerteventura in den EMT-Bussen zu Beginn der Hitzewelle auf dem Festland ist Teil der von der Stadtr\u00e4tin Marlene Figueroa geleiteten Tourismusf\u00f6rderungspolitik.<\/p>\n<\/div>\n","protected":false},"excerpt":{"rendered":"<p>2. Juli, 2025 Mitten in der Hitzewelle startet der Tourismus eine erfrischende Kampagne im Central District, die t\u00e4glich von 2 Millionen Menschen gesehen werden wird. Die H\u00e4lfte der Inlandsfl\u00fcge in [&hellip;]<\/p>\n","protected":false},"author":1,"featured_media":6598,"comment_status":"open","ping_status":"open","sticky":false,"template":"","format":"standard","meta":{"inline_featured_image":false,"jnews-multi-image_gallery":[],"jnews_single_post":[],"jnews_primary_category":[],"jnews_social_meta":[],"jnews_override_counter":[],"jnews_post_split":[],"footnotes":""},"categories":[287],"tags":[216,198],"class_list":["post-6604","post","type-post","status-publish","format-standard","has-post-thumbnail","hentry","category-cabildo-de","tag-fuerteventura-de","tag-transport"],"jetpack_featured_media_url":"https:\/\/informacionlocal.es\/wp-content\/uploads\/2025\/07\/sss.jpeg","_links":{"self":[{"href":"https:\/\/informacionlocal.es\/de\/wp-json\/wp\/v2\/posts\/6604","targetHints":{"allow":["GET"]}}],"collection":[{"href":"https:\/\/informacionlocal.es\/de\/wp-json\/wp\/v2\/posts"}],"about":[{"href":"https:\/\/informacionlocal.es\/de\/wp-json\/wp\/v2\/types\/post"}],"author":[{"embeddable":true,"href":"https:\/\/informacionlocal.es\/de\/wp-json\/wp\/v2\/users\/1"}],"replies":[{"embeddable":true,"href":"https:\/\/informacionlocal.es\/de\/wp-json\/wp\/v2\/comments?post=6604"}],"version-history":[{"count":0,"href":"https:\/\/informacionlocal.es\/de\/wp-json\/wp\/v2\/posts\/6604\/revisions"}],"wp:featuredmedia":[{"embeddable":true,"href":"https:\/\/informacionlocal.es\/de\/wp-json\/wp\/v2\/media\/6598"}],"wp:attachment":[{"href":"https:\/\/informacionlocal.es\/de\/wp-json\/wp\/v2\/media?parent=6604"}],"wp:term":[{"taxonomy":"category","embeddable":true,"href":"https:\/\/informacionlocal.es\/de\/wp-json\/wp\/v2\/categories?post=6604"},{"taxonomy":"post_tag","embeddable":true,"href":"https:\/\/informacionlocal.es\/de\/wp-json\/wp\/v2\/tags?post=6604"}],"curies":[{"name":"wp","href":"https:\/\/api.w.org\/{rel}","templated":true}]}}