{"id":6588,"date":"2025-07-06T21:58:45","date_gmt":"2025-07-06T20:58:45","guid":{"rendered":"https:\/\/informacionlocal.es\/die-javi-beiran-basketball-academy-kommt-zum-ersten-mal-nach-fuerteventura\/"},"modified":"2025-07-06T21:58:45","modified_gmt":"2025-07-06T20:58:45","slug":"die-javi-beiran-basketball-academy-kommt-zum-ersten-mal-nach-fuerteventura","status":"publish","type":"post","link":"https:\/\/informacionlocal.es\/de\/die-javi-beiran-basketball-academy-kommt-zum-ersten-mal-nach-fuerteventura\/","title":{"rendered":"Die Javi Beir\u00e1n Basketball Academy kommt zum ersten Mal nach Fuerteventura"},"content":{"rendered":"<div class=\"entry-content\"><strong>2. Juli, 2025<\/strong><\/p>\n<p>Die Javi Beir\u00e1n Basketball Academy kommt zum ersten Mal nach Fuerteventura, dank der Unterst\u00fctzung der Sportabteilung des Cabildo de Fuerteventura und des Rathauses von Tuineje. Sie findet vom 1. bis 6. Juli sowohl in den st\u00e4dtischen Einrichtungen als auch im Playitas Resort statt. <\/p>\n<p>Dieses Camp ist auf die Verbesserung der Leistung von Jungen und M\u00e4dchen im Alter von 13 bis 18 Jahren ausgerichtet. Es steht unter der Schirmherrschaft der Marke Javier Beir\u00e1n und wird von allen Basketballvereinen Fuerteventuras unterst\u00fctzt. Es wird auch von Spitzentrainern und -spielern besucht werden, um Seminare anzubieten.  <\/p>\n<p>Die Javi Beir\u00e1n Academy wurde unter dem Siegel von Marcha Deportiva gegr\u00fcndet und hat sich zum Ziel gesetzt, die Professionalit\u00e4t im Basketball zu erh\u00f6hen und ein Projekt von h\u00f6chster Qualit\u00e4t anzubieten. Um dies zu erreichen, haben wir eine multidisziplin\u00e4re Vielfalt von Top-Profis in allen Bereichen, die ein hohes technisches Niveau Ausbildung bieten. <\/p>\n<p>Javi Beir\u00e1n, mit fast 20 Jahren Erfahrung in der ACB-Liga und Weltmeister mit der spanischen Nationalmannschaft, ist auf Fuerteventura anwesend, um zu trainieren, die Arbeit zu \u00fcberwachen und die Teilnehmer zu beraten, immer unter den Werten, die seine Karriere und seine sportlichen Projekte gepr\u00e4gt haben: Selbstverbesserung, Respekt, Demut und Kameradschaft.<\/p>\n<p>Beir\u00e1n ist stolz darauf, den Jungen und M\u00e4dchen auf Fuerteventura die Werte des Basketballs n\u00e4her zu bringen und daf\u00fcr zu sorgen, dass der Basketball auf Fuerteventura w\u00e4chst, so wie er es bereits tut&#8220;.<\/p>\n<p>Der Stadtrat f\u00fcr Sport, Luis Gonz\u00e1lez, hob den Wert einer Veranstaltung hervor, die zwei Ziele verfolgt: &#8222;Zum einen, ein Spitzensporttraining nach Fuerteventura zu bringen und zum anderen, den Basketballsport in der Gemeinde Tuineje zu f\u00f6rdern&#8220;.<\/p>\n<p>Die Akademie findet im Playitas Resort Hotel statt, das sich in der Gemeinde Tuineje befindet und \u00fcber erstklassige Sportanlagen verf\u00fcgt. Die zweite Einrichtung ist der st\u00e4dtische Pavillon von Gran Tarajal und der Pavillon des IES Vig\u00e1n, die laut der Stadtr\u00e4tin f\u00fcr Sport, Dulce Garc\u00eda, \u00fcber ideale Infrastrukturen f\u00fcr die Entwicklung der individuellen technischen Arbeit verf\u00fcgen. &#8222;Der Stadtrat von Tuineje setzt sich f\u00fcr diese Initiativen ein, damit die Gemeinde zur Wiege des Basketballsports wird, wie sie es seinerzeit war.  <\/p>\n<p>Alle Informationen und die Anmeldung finden Sie unter https:\/\/javibeiranacademy.com\/inscripcion.<\/p>\n<\/div>\n","protected":false},"excerpt":{"rendered":"<p>2. Juli, 2025 Die Javi Beir\u00e1n Basketball Academy kommt zum ersten Mal nach Fuerteventura, dank der Unterst\u00fctzung der Sportabteilung des Cabildo de Fuerteventura und des Rathauses von Tuineje. Sie findet [&hellip;]<\/p>\n","protected":false},"author":1,"featured_media":6586,"comment_status":"open","ping_status":"open","sticky":false,"template":"","format":"standard","meta":{"inline_featured_image":false,"jnews-multi-image_gallery":[],"jnews_single_post":[],"jnews_primary_category":[],"jnews_social_meta":[],"jnews_override_counter":[],"jnews_post_split":[],"footnotes":""},"categories":[287],"tags":[216],"class_list":["post-6588","post","type-post","status-publish","format-standard","has-post-thumbnail","hentry","category-cabildo-de","tag-fuerteventura-de"],"jetpack_featured_media_url":"https:\/\/informacionlocal.es\/wp-content\/uploads\/2025\/07\/www.jpeg","_links":{"self":[{"href":"https:\/\/informacionlocal.es\/de\/wp-json\/wp\/v2\/posts\/6588","targetHints":{"allow":["GET"]}}],"collection":[{"href":"https:\/\/informacionlocal.es\/de\/wp-json\/wp\/v2\/posts"}],"about":[{"href":"https:\/\/informacionlocal.es\/de\/wp-json\/wp\/v2\/types\/post"}],"author":[{"embeddable":true,"href":"https:\/\/informacionlocal.es\/de\/wp-json\/wp\/v2\/users\/1"}],"replies":[{"embeddable":true,"href":"https:\/\/informacionlocal.es\/de\/wp-json\/wp\/v2\/comments?post=6588"}],"version-history":[{"count":0,"href":"https:\/\/informacionlocal.es\/de\/wp-json\/wp\/v2\/posts\/6588\/revisions"}],"wp:featuredmedia":[{"embeddable":true,"href":"https:\/\/informacionlocal.es\/de\/wp-json\/wp\/v2\/media\/6586"}],"wp:attachment":[{"href":"https:\/\/informacionlocal.es\/de\/wp-json\/wp\/v2\/media?parent=6588"}],"wp:term":[{"taxonomy":"category","embeddable":true,"href":"https:\/\/informacionlocal.es\/de\/wp-json\/wp\/v2\/categories?post=6588"},{"taxonomy":"post_tag","embeddable":true,"href":"https:\/\/informacionlocal.es\/de\/wp-json\/wp\/v2\/tags?post=6588"}],"curies":[{"name":"wp","href":"https:\/\/api.w.org\/{rel}","templated":true}]}}