{"id":6577,"date":"2025-07-06T20:58:21","date_gmt":"2025-07-06T19:58:21","guid":{"rendered":"https:\/\/informacionlocal.es\/el-cotillo-bereitet-sich-auf-die-feierlichkeiten-des-festivals-fuerteventura-en-musica-fem-2025-vor\/"},"modified":"2025-07-06T20:58:21","modified_gmt":"2025-07-06T19:58:21","slug":"el-cotillo-bereitet-sich-auf-die-feierlichkeiten-des-festivals-fuerteventura-en-musica-fem-2025-vor","status":"publish","type":"post","link":"https:\/\/informacionlocal.es\/de\/el-cotillo-bereitet-sich-auf-die-feierlichkeiten-des-festivals-fuerteventura-en-musica-fem-2025-vor\/","title":{"rendered":"El Cotillo bereitet sich auf die Feierlichkeiten des Festivals Fuerteventura en M\u00fasica (FEM) 2025 vor."},"content":{"rendered":"<div class=\"entry-content\"><strong>2. Juli, 2025<\/strong><\/p>\n<p><em><strong>Das Cabildo de Fuerteventura und das Rathaus von La Oliva schlie\u00dfen den Aufbau der B\u00fchne ab, auf der an diesem Wochenende zehn K\u00fcnstler auftreten werden.<\/strong><\/em><\/p>\n<p><em><strong>Das WEF verf\u00fcgt \u00fcber eine erh\u00f6hte Plattform und Parkpl\u00e4tze f\u00fcr Personen mit eingeschr\u00e4nkter Mobilit\u00e4t, die vorher per Post angefordert werden m\u00fcssen: <\/strong><\/em><em><strong>cultura@cabildofuer.es<\/strong><\/em><\/p>\n<p>Der Strand La Concha in El Cotillo bereitet sich auf die Veranstaltung des Festivals Fuerteventura en M\u00fasica (FEM) 2025 am 4. und 5. Juli vor. Das Cabildo von Fuerteventura und das Rathaus von La Oliva sind dabei, die Vorbereitungen abzuschlie\u00dfen und die B\u00fchne einzurichten, auf der ein Dutzend internationaler, nationaler und lokaler K\u00fcnstler auftreten werden. Die Konzerte werden an beiden Tagen um 20.00 Uhr beginnen.  <\/p>\n<p>Wie schon bei fr\u00fcheren Ausgaben wird das FEM \u00fcber eine erh\u00f6hte B\u00fchne und einen Parkplatz verf\u00fcgen, die ausschlie\u00dflich von Personen mit eingeschr\u00e4nkter Mobilit\u00e4t (PRM) genutzt werden k\u00f6nnen, um das Festival im Rahmen des Engagements der Island Corporation f\u00fcr Barrierefreiheit zu einem integrativen Ort zu machen. Um den Zugang zu diesen Bereichen zu beantragen, sollten sich Interessierte an die folgende E-Mail-Adresse wenden: cultura@cabildofuer.es <\/p>\n<p>Die FEM kehrt dieses Jahr mit einem vielseitigen und internationalen Programm zur\u00fcck. Am Freitag, 4. Juli, treten Rabiche (20:00 Uhr), Natalia Doco (21:10 Uhr), G-5: Kiko Veneno, Muchachito, El Canijo de Jerez, Diego Rat\u00f3n und Tomasito (22:40 Uhr), Calle Mambo (00:40 Uhr) und Lehmanns Brothers (02:20 Uhr) auf. <\/p>\n<p>Am Samstag, 5. Juli, sind David El Majorero-Contraventura (20 Uhr), Roy Paci &amp; Aretuska (21.20 Uhr), Queen Omega &amp; The Royals Souls (23 Uhr), Baiuca (Mitternacht) und Kraak &amp; Smaak (2.30 Uhr) an der Reihe.<\/p>\n<p>An beiden Abenden wird auch der auf Teneriffa lebende DJ Carballeira auftreten, der auf mehr als 30 Jahre Erfahrung in der kanarischen Kulturszene zur\u00fcckblicken kann.<\/p>\n<p>Au\u00dferdem wird es ein umfangreiches Tagesprogramm in Zusammenarbeit mit Cotillo Joven geben. Alle Informationen finden Sie unter culturafuerteventura.es oder in den sozialen Netzwerken Fuerteventura en M\u00fasica (Facebook) und fuerteventuraenmusica (Instagram). <\/p>\n<\/div>\n","protected":false},"excerpt":{"rendered":"<p>2. Juli, 2025 Das Cabildo de Fuerteventura und das Rathaus von La Oliva schlie\u00dfen den Aufbau der B\u00fchne ab, auf der an diesem Wochenende zehn K\u00fcnstler auftreten werden. Das WEF [&hellip;]<\/p>\n","protected":false},"author":1,"featured_media":6574,"comment_status":"open","ping_status":"open","sticky":false,"template":"","format":"standard","meta":{"inline_featured_image":false,"jnews-multi-image_gallery":[],"jnews_single_post":[],"jnews_primary_category":[],"jnews_social_meta":[],"jnews_override_counter":[],"jnews_post_split":[],"footnotes":""},"categories":[287],"tags":[216],"class_list":["post-6577","post","type-post","status-publish","format-standard","has-post-thumbnail","hentry","category-cabildo-de","tag-fuerteventura-de"],"jetpack_featured_media_url":"https:\/\/informacionlocal.es\/wp-content\/uploads\/2025\/07\/wwwss.jpeg","_links":{"self":[{"href":"https:\/\/informacionlocal.es\/de\/wp-json\/wp\/v2\/posts\/6577","targetHints":{"allow":["GET"]}}],"collection":[{"href":"https:\/\/informacionlocal.es\/de\/wp-json\/wp\/v2\/posts"}],"about":[{"href":"https:\/\/informacionlocal.es\/de\/wp-json\/wp\/v2\/types\/post"}],"author":[{"embeddable":true,"href":"https:\/\/informacionlocal.es\/de\/wp-json\/wp\/v2\/users\/1"}],"replies":[{"embeddable":true,"href":"https:\/\/informacionlocal.es\/de\/wp-json\/wp\/v2\/comments?post=6577"}],"version-history":[{"count":0,"href":"https:\/\/informacionlocal.es\/de\/wp-json\/wp\/v2\/posts\/6577\/revisions"}],"wp:featuredmedia":[{"embeddable":true,"href":"https:\/\/informacionlocal.es\/de\/wp-json\/wp\/v2\/media\/6574"}],"wp:attachment":[{"href":"https:\/\/informacionlocal.es\/de\/wp-json\/wp\/v2\/media?parent=6577"}],"wp:term":[{"taxonomy":"category","embeddable":true,"href":"https:\/\/informacionlocal.es\/de\/wp-json\/wp\/v2\/categories?post=6577"},{"taxonomy":"post_tag","embeddable":true,"href":"https:\/\/informacionlocal.es\/de\/wp-json\/wp\/v2\/tags?post=6577"}],"curies":[{"name":"wp","href":"https:\/\/api.w.org\/{rel}","templated":true}]}}