{"id":6565,"date":"2025-07-06T20:09:48","date_gmt":"2025-07-06T19:09:48","guid":{"rendered":"https:\/\/informacionlocal.es\/veroeffentlichung-der-schonzeitverordnung-zur-festlegung-der-jagdzeiten-und-bedingungen-fuer-die-jagd-auf-den-kanarischen-inseln\/"},"modified":"2025-07-06T20:09:48","modified_gmt":"2025-07-06T19:09:48","slug":"veroeffentlichung-der-schonzeitverordnung-zur-festlegung-der-jagdzeiten-und-bedingungen-fuer-die-jagd-auf-den-kanarischen-inseln","status":"publish","type":"post","link":"https:\/\/informacionlocal.es\/de\/veroeffentlichung-der-schonzeitverordnung-zur-festlegung-der-jagdzeiten-und-bedingungen-fuer-die-jagd-auf-den-kanarischen-inseln\/","title":{"rendered":"Ver\u00f6ffentlichung der Schonzeitverordnung zur Festlegung der Jagdzeiten und -bedingungen f\u00fcr die Jagd auf den Kanarischen Inseln"},"content":{"rendered":"<div class=\"entry-content\"><strong>2. Juli, 2025<\/strong><\/p>\n<p><em><strong>Die Jagdzeiten, Bedingungen, Mittel und Einschr\u00e4nkungen f\u00fcr die Aus\u00fcbung der Niederwildjagd k\u00f6nnen im Amtsblatt der Kanarischen Inseln nachgelesen werden.<\/strong><\/em><\/p>\n<p>Die Verordnung zur Festlegung der Jagdzeiten f\u00fcr die Saison 2025 wurde bereits im Amtsblatt der Kanarischen Inseln von der Regierung der Kanarischen Inseln ver\u00f6ffentlicht. Eine Verordnung, die auch die Bedingungen, Mittel und Beschr\u00e4nkungen f\u00fcr die Aus\u00fcbung der Jagd in der autonomen Gemeinschaft der Kanarischen Inseln festlegt und die im Amtsblatt der Kanarischen Inseln vom Montag, den 30. Juni 2025 nachgelesen werden kann. <\/p>\n<p>Auf Fuerteventura sind die Fristen und Arbeitstage nach Arten und Modalit\u00e4t wie folgt festgelegt:<\/p>\n<p>Vom 6. Juli bis zum 25. September (24 Tage) wird donnerstags und sonntags ohne Schusswaffen und ohne Fallenfang gejagt, wobei maximal zwei Abschusszahlen f\u00fcr das Rothuhn und die Felsentaube zul\u00e4ssig sind.<\/p>\n<p>F\u00fcr die Jagd mit Kaninchenfang nur mit Hund werden die Sonntage vom 31. August bis 21. September (4 Tage) festgelegt. Im Falle der Jagd mit dem Fang von Kaninchen mit Hund und Frettchen, sind Sonntage vom 28. September bis 26. Oktober (5 Tage) festgelegt. Die H\u00f6chstzahl betr\u00e4gt zwei St\u00fcck pro J\u00e4ger und Tag und maximal vier Hunde. Unter keinen Umst\u00e4nden sind Gespanne zugelassen.   <\/p>\n<p>Die Jagd mit dem Gewehr auf Rebhuhn und Wildtaube mit Vorstehhund und Flinte oder Bogen findet sonntags vom 28. September bis 26. Oktober (5 Tage) statt. Die H\u00f6chstzahl betr\u00e4gt zwei St\u00fcck pro J\u00e4ger und Tag und maximal vier Hunde. Gespanne sind unter keinen Umst\u00e4nden zugelassen.  <\/p>\n<p>Die Jagdzeiten, Bedingungen, Mittel und Beschr\u00e4nkungen f\u00fcr die Aus\u00fcbung der Niederwildjagd sind obligatorisch und k\u00f6nnen unter folgender Adresse eingesehen werden: https:\/\/www.gobiernodecanarias.org\/boc\/2025\/128\/2400.html<\/p>\n<p>Die Anzahl des jagdbaren Wildes, Verbote und Beschr\u00e4nkungen in bestimmten \u00f6ffentlichen Gebieten werden festgelegt.<\/p>\n<\/div>\n","protected":false},"excerpt":{"rendered":"<p>2. Juli, 2025 Die Jagdzeiten, Bedingungen, Mittel und Einschr\u00e4nkungen f\u00fcr die Aus\u00fcbung der Niederwildjagd k\u00f6nnen im Amtsblatt der Kanarischen Inseln nachgelesen werden. Die Verordnung zur Festlegung der Jagdzeiten f\u00fcr die [&hellip;]<\/p>\n","protected":false},"author":1,"featured_media":6562,"comment_status":"open","ping_status":"open","sticky":false,"template":"","format":"standard","meta":{"inline_featured_image":false,"jnews-multi-image_gallery":[],"jnews_single_post":[],"jnews_primary_category":[],"jnews_social_meta":[],"jnews_override_counter":[],"jnews_post_split":[],"footnotes":""},"categories":[287],"tags":[216],"class_list":["post-6565","post","type-post","status-publish","format-standard","has-post-thumbnail","hentry","category-cabildo-de","tag-fuerteventura-de"],"jetpack_featured_media_url":"https:\/\/informacionlocal.es\/wp-content\/uploads\/2025\/07\/perro-caza.jpeg","_links":{"self":[{"href":"https:\/\/informacionlocal.es\/de\/wp-json\/wp\/v2\/posts\/6565","targetHints":{"allow":["GET"]}}],"collection":[{"href":"https:\/\/informacionlocal.es\/de\/wp-json\/wp\/v2\/posts"}],"about":[{"href":"https:\/\/informacionlocal.es\/de\/wp-json\/wp\/v2\/types\/post"}],"author":[{"embeddable":true,"href":"https:\/\/informacionlocal.es\/de\/wp-json\/wp\/v2\/users\/1"}],"replies":[{"embeddable":true,"href":"https:\/\/informacionlocal.es\/de\/wp-json\/wp\/v2\/comments?post=6565"}],"version-history":[{"count":0,"href":"https:\/\/informacionlocal.es\/de\/wp-json\/wp\/v2\/posts\/6565\/revisions"}],"wp:featuredmedia":[{"embeddable":true,"href":"https:\/\/informacionlocal.es\/de\/wp-json\/wp\/v2\/media\/6562"}],"wp:attachment":[{"href":"https:\/\/informacionlocal.es\/de\/wp-json\/wp\/v2\/media?parent=6565"}],"wp:term":[{"taxonomy":"category","embeddable":true,"href":"https:\/\/informacionlocal.es\/de\/wp-json\/wp\/v2\/categories?post=6565"},{"taxonomy":"post_tag","embeddable":true,"href":"https:\/\/informacionlocal.es\/de\/wp-json\/wp\/v2\/tags?post=6565"}],"curies":[{"name":"wp","href":"https:\/\/api.w.org\/{rel}","templated":true}]}}