{"id":6555,"date":"2025-07-06T18:58:54","date_gmt":"2025-07-06T17:58:54","guid":{"rendered":"https:\/\/informacionlocal.es\/fuerteventura-schoen-durch-die-natur-schliesst-sich-den-vorbereitungen-fuer-das-wef-2025-an\/"},"modified":"2025-07-06T18:58:54","modified_gmt":"2025-07-06T17:58:54","slug":"fuerteventura-schoen-durch-die-natur-schliesst-sich-den-vorbereitungen-fuer-das-wef-2025-an","status":"publish","type":"post","link":"https:\/\/informacionlocal.es\/de\/fuerteventura-schoen-durch-die-natur-schliesst-sich-den-vorbereitungen-fuer-das-wef-2025-an\/","title":{"rendered":"Fuerteventura, sch\u00f6n durch die Natur&#8216; schlie\u00dft sich den Vorbereitungen f\u00fcr das WEF 2025 an"},"content":{"rendered":"<div class=\"entry-content\"><strong>2. Juli, 2025<\/strong><\/p>\n<p><strong>Die Besatzungen f\u00fchren Reinigungsarbeiten in El Cotillo durch, um Tausende von Besuchern unter den bestm\u00f6glichen Bedingungen zu empfangen.<\/strong><\/p>\n<p>An diesem Wochenende wird El Cotillo Tausende von Besuchern empfangen, die am Festival Fuerteventura En M\u00fasica (FEM 2025) teilnehmen werden, einer der am meisten erwarteten Veranstaltungen auf der Insel, die vom Cabildo von Fuerteventura \u00fcber die Abteilung f\u00fcr Kultur in Zusammenarbeit und, in dieser Ausgabe, mit Kofinanzierung des Rathauses von La Oliva sowie in Zusammenarbeit mit den verschiedenen Bereichen der Inselgesellschaft organisiert wird.<\/p>\n<p>Die Dienststelle f\u00fcr Bauwesen und Maschinen der Stadtverwaltung ist sich ihrer Bedeutung bewusst und hat sich in Zusammenarbeit mit anderen Dienststellen der Stadtverwaltung und der Stadtverwaltung von La Oliva an den vorbereitenden Ma\u00dfnahmen beteiligt.<\/p>\n<p>In diesem Sinne arbeiten die Crews von &#8218;Fuerteventura, beautiful by nature&#8216; an der gr\u00fcndlichen Reinigung und Aufbereitung des Gebietes, insbesondere rund um den Strand von La Concha, wo sich die Hauptb\u00fchne befindet.<\/p>\n<p>Die Pr\u00e4sidentin des Cabildo von Fuerteventura, Lola Garc\u00eda, hob die Koordination zwischen den verschiedenen Bereichen des Cabildo und des Rathauses hervor, um die Umwelt in perfektem Zustand zu erhalten, &#8222;denn es ist uns klar, dass die Nutzung und der Genuss des Raumes immer in st\u00e4ndigem Gleichgewicht mit dem Respekt f\u00fcr die Umwelt und ohne Spuren zu hinterlassen sein muss&#8220;.<\/p>\n<p>&#8222;Es ist wichtig, sich um unsere nat\u00fcrliche Umwelt und unsere emblematischen Landschaften zu k\u00fcmmern, w\u00e4hrend wir gleichzeitig die Verantwortung haben, deren Genuss mit bereichernden Aktivit\u00e4ten wie der FEM zu vereinbaren&#8220;, sagt der Vizepr\u00e4sident und Stadtrat f\u00fcr Arbeiten und Maschinen, Blas Acosta.<\/p>\n<p>Aus diesem Grund f\u00fchrt das Cabildo von Fuerteventura neben der Logistik eines Musikfestivals auch andere Ma\u00dfnahmen durch, wie z.B. die, die w\u00e4hrend dieser Tage von den Crews durchgef\u00fchrt werden, um die Unversehrtheit der Umwelt zu erhalten und ihren Genuss unter den besten Bedingungen zu gew\u00e4hrleisten.<\/p>\n<\/div>\n","protected":false},"excerpt":{"rendered":"<p>2. Juli, 2025 Die Besatzungen f\u00fchren Reinigungsarbeiten in El Cotillo durch, um Tausende von Besuchern unter den bestm\u00f6glichen Bedingungen zu empfangen. An diesem Wochenende wird El Cotillo Tausende von Besuchern [&hellip;]<\/p>\n","protected":false},"author":1,"featured_media":6550,"comment_status":"open","ping_status":"open","sticky":false,"template":"","format":"standard","meta":{"inline_featured_image":false,"jnews-multi-image_gallery":[],"jnews_single_post":[],"jnews_primary_category":[],"jnews_social_meta":[],"jnews_override_counter":[],"jnews_post_split":[],"footnotes":""},"categories":[287],"tags":[303,216],"class_list":["post-6555","post","type-post","status-publish","format-standard","has-post-thumbnail","hentry","category-cabildo-de","tag-eventos-de","tag-fuerteventura-de"],"jetpack_featured_media_url":"https:\/\/informacionlocal.es\/wp-content\/uploads\/2025\/07\/eee.jpeg","_links":{"self":[{"href":"https:\/\/informacionlocal.es\/de\/wp-json\/wp\/v2\/posts\/6555","targetHints":{"allow":["GET"]}}],"collection":[{"href":"https:\/\/informacionlocal.es\/de\/wp-json\/wp\/v2\/posts"}],"about":[{"href":"https:\/\/informacionlocal.es\/de\/wp-json\/wp\/v2\/types\/post"}],"author":[{"embeddable":true,"href":"https:\/\/informacionlocal.es\/de\/wp-json\/wp\/v2\/users\/1"}],"replies":[{"embeddable":true,"href":"https:\/\/informacionlocal.es\/de\/wp-json\/wp\/v2\/comments?post=6555"}],"version-history":[{"count":0,"href":"https:\/\/informacionlocal.es\/de\/wp-json\/wp\/v2\/posts\/6555\/revisions"}],"wp:featuredmedia":[{"embeddable":true,"href":"https:\/\/informacionlocal.es\/de\/wp-json\/wp\/v2\/media\/6550"}],"wp:attachment":[{"href":"https:\/\/informacionlocal.es\/de\/wp-json\/wp\/v2\/media?parent=6555"}],"wp:term":[{"taxonomy":"category","embeddable":true,"href":"https:\/\/informacionlocal.es\/de\/wp-json\/wp\/v2\/categories?post=6555"},{"taxonomy":"post_tag","embeddable":true,"href":"https:\/\/informacionlocal.es\/de\/wp-json\/wp\/v2\/tags?post=6555"}],"curies":[{"name":"wp","href":"https:\/\/api.w.org\/{rel}","templated":true}]}}