{"id":6542,"date":"2025-07-06T17:58:59","date_gmt":"2025-07-06T16:58:59","guid":{"rendered":"https:\/\/informacionlocal.es\/international-anerkannte-serie-predator-botschafter-fuerteventuras-beim-notodofilmfest\/"},"modified":"2025-07-06T17:58:59","modified_gmt":"2025-07-06T16:58:59","slug":"international-anerkannte-serie-predator-botschafter-fuerteventuras-beim-notodofilmfest","status":"publish","type":"post","link":"https:\/\/informacionlocal.es\/de\/international-anerkannte-serie-predator-botschafter-fuerteventuras-beim-notodofilmfest\/","title":{"rendered":"International anerkannte Serie &#8218;Predator&#8216;, Botschafter Fuerteventuras beim Notodofilmfest"},"content":{"rendered":"<div class=\"entry-content\"><strong>3. Juli, 2025<\/strong><\/p>\n<p><em><strong>Die Serie wurde von dem Filmemacher Javier Fesser auf der Insel gedreht und hat bereits ein Dutzend Preise auf nationalen und internationalen Festivals erhalten.<\/strong><\/em><\/p>\n<p>Die auf Fuerteventura gedrehte Serie <em>Depredador<\/em> wird international durch verschiedene Auszeichnungen und die Teilnahme an einer Vielzahl von Festivals anerkannt. Ein Werk, das von dem Filmemacher Javier Fesser als Botschafter des &#8222;Fuerteventura Plat\u00f3 de Cine Natural Award&#8220; im Rahmen des Internet-Kurzfilmfestivals Notodofilmfest 2024 gedreht wurde. <\/p>\n<p><em>Depredador <\/em>hat bisher an insgesamt 79 Festivals in Spanien, Luxemburg, Italien, Kroatien, Frankreich, Polen, Bulgarien, Zypern, Marokko, den Vereinigten Staaten, Panama, Griechenland, dem Vereinigten K\u00f6nigreich und Kolumbien teilgenommen.<\/p>\n<p>Im Laufe seiner Festivalkarriere hat er ein Dutzend Preise gewonnen, darunter den Preis f\u00fcr den besten Kurzfilm bei den Festivals Getafe en Corto, Festival de Cine de Sig\u00fcenza, Festival Atl\u00e1ntico de G\u00e9nero Negro Tenerife Noir, Festival de Cine Fant\u00e1stico Fanta Elx und Festival Algeciras Fant\u00e1stika. Au\u00dferdem wurde der Film beim Festival Ra\u00edces de Europa f\u00fcr den besten Schnitt, den besten Ton und die besten Make-up-Effekte und bei Getafe en Corto f\u00fcr das beste Drehbuch ausgezeichnet. Der Schauspieler Pepe Jornada erhielt au\u00dferdem den Preis f\u00fcr den besten Nebendarsteller.  <\/p>\n<p><strong>Raubtier<\/strong><\/p>\n<p>Die Fuerteventura Film Commission unter der Leitung von Nereida Calero und das Notodofilmfest haben sich erneut zusammengetan, um zum dritten Mal den &#8222;Fuerteventura Plat\u00f3 de Cine Natural Award&#8220; zu verleihen. Es handelt sich dabei um eine Kategorie des Festivals, die die Insel Fuerteventura als einzigartige Filmkulisse vorstellt, um Filmemacher zu ermutigen, die Landschaften Fuerteventuras f\u00fcr ihre Kurzfilme zu nutzen. In dieser Ausgabe wurde der Preis von dem Regisseur und Drehbuchautor Javier Fesser gestiftet, der mit <em>Depredador<\/em> seine erste &#8218;Notodoserie&#8216; exklusiv f\u00fcr das Notodofilmfest vorstellte.  <\/p>\n<p>Die Serie wurde im August 2024 in der Gemeinde La Oliva gedreht. In drei Episoden wird die Geschichte von Vilma und Cris erz\u00e4hlt, zwei Freunden, die auf einer Reise durch die Ein\u00f6de auf Unerwartetes sto\u00dfen. <\/p>\n<p>Die Hauptdarsteller sind Athenea Mata, Claudia Fesser, Maggie Balance, Pepe Jordana und Elisa D\u00edaz, die den Figuren in dieser neuen Produktion von Pel\u00edculas Pendelton Leben einhauchen.<\/p>\n<p>Alle drei Kapitel von Predator k\u00f6nnen in ihrer Gesamtheit auf dem YouTube-Kanal des Notodofilmfestes angesehen werden: (https:\/\/www.youtube.com\/watch?v=leCyjAA6g5o&amp;list=PLtP_MR481DCBYvdpsDQkBiHJZOI_L_00I&amp;index=2<\/p>\n<\/div>\n","protected":false},"excerpt":{"rendered":"<p>3. Juli, 2025 Die Serie wurde von dem Filmemacher Javier Fesser auf der Insel gedreht und hat bereits ein Dutzend Preise auf nationalen und internationalen Festivals erhalten. Die auf Fuerteventura [&hellip;]<\/p>\n","protected":false},"author":1,"featured_media":6538,"comment_status":"open","ping_status":"open","sticky":false,"template":"","format":"standard","meta":{"inline_featured_image":false,"jnews-multi-image_gallery":[],"jnews_single_post":[],"jnews_primary_category":[],"jnews_social_meta":[],"jnews_override_counter":[],"jnews_post_split":[],"footnotes":""},"categories":[287],"tags":[216],"class_list":["post-6542","post","type-post","status-publish","format-standard","has-post-thumbnail","hentry","category-cabildo-de","tag-fuerteventura-de"],"jetpack_featured_media_url":"https:\/\/informacionlocal.es\/wp-content\/uploads\/2025\/07\/sw.jpeg","_links":{"self":[{"href":"https:\/\/informacionlocal.es\/de\/wp-json\/wp\/v2\/posts\/6542","targetHints":{"allow":["GET"]}}],"collection":[{"href":"https:\/\/informacionlocal.es\/de\/wp-json\/wp\/v2\/posts"}],"about":[{"href":"https:\/\/informacionlocal.es\/de\/wp-json\/wp\/v2\/types\/post"}],"author":[{"embeddable":true,"href":"https:\/\/informacionlocal.es\/de\/wp-json\/wp\/v2\/users\/1"}],"replies":[{"embeddable":true,"href":"https:\/\/informacionlocal.es\/de\/wp-json\/wp\/v2\/comments?post=6542"}],"version-history":[{"count":0,"href":"https:\/\/informacionlocal.es\/de\/wp-json\/wp\/v2\/posts\/6542\/revisions"}],"wp:featuredmedia":[{"embeddable":true,"href":"https:\/\/informacionlocal.es\/de\/wp-json\/wp\/v2\/media\/6538"}],"wp:attachment":[{"href":"https:\/\/informacionlocal.es\/de\/wp-json\/wp\/v2\/media?parent=6542"}],"wp:term":[{"taxonomy":"category","embeddable":true,"href":"https:\/\/informacionlocal.es\/de\/wp-json\/wp\/v2\/categories?post=6542"},{"taxonomy":"post_tag","embeddable":true,"href":"https:\/\/informacionlocal.es\/de\/wp-json\/wp\/v2\/tags?post=6542"}],"curies":[{"name":"wp","href":"https:\/\/api.w.org\/{rel}","templated":true}]}}