{"id":6529,"date":"2025-07-06T17:00:17","date_gmt":"2025-07-06T16:00:17","guid":{"rendered":"https:\/\/informacionlocal.es\/start-der-digital-camps-des-cabildo-zur-staerkung-der-technologischen-faehigkeiten-junger-menschen\/"},"modified":"2025-07-06T17:00:17","modified_gmt":"2025-07-06T16:00:17","slug":"start-der-digital-camps-des-cabildo-zur-staerkung-der-technologischen-faehigkeiten-junger-menschen","status":"publish","type":"post","link":"https:\/\/informacionlocal.es\/de\/start-der-digital-camps-des-cabildo-zur-staerkung-der-technologischen-faehigkeiten-junger-menschen\/","title":{"rendered":"Start der Digital Camps des Cabildo zur St\u00e4rkung der technologischen F\u00e4higkeiten junger Menschen"},"content":{"rendered":"<div class=\"entry-content\"><strong>4. Juli, 2025<\/strong><\/p>\n<p>Das Cabildo de Fuerteventura hat \u00fcber die Abteilungen f\u00fcr Bildung und Jugend sowie die Abteilung f\u00fcr Kultur die Digital Camps ins Leben gerufen. Dabei handelt es sich um ein kostenloses Programm mit au\u00dferschulischen Aktivit\u00e4ten f\u00fcr 75 M\u00e4dchen, Jungen und Jugendliche im Alter von 9 bis 17 Jahren, mit dem Ziel, die digitalen F\u00e4higkeiten junger Menschen zu f\u00f6rdern und den verantwortungsvollen Umgang mit der Technologie zu unterst\u00fctzen. Die Initiative ist Teil der mit der Fundaci\u00f3n Cibervoluntarios unterzeichneten Kooperationsvereinbarung.  <\/p>\n<p>Die Camps haben diese Woche im Centro Insular de Juventud (Puerto del Rosario) und in der Bibliothek von Gran Tarajal begonnen. Nach Angaben der Stadtr\u00e4tin f\u00fcr Bildung und Jugend, Adargoma Hern\u00e1ndez, erhalten die Teilnehmer eine praktische Ausbildung in digitalen F\u00e4higkeiten, insbesondere in sicherer Internetnavigation, Schutz der Privatsph\u00e4re, effektiver Informationssuche, Erstellung digitaler Inhalte und verantwortungsvoller Nutzung sozialer Netzwerke. <\/p>\n<p>Der Stadtrat f\u00fcr Kultur, Rayco Le\u00f3n, hebt den Wert einer Initiative hervor, die f\u00fcr junge Menschen von grundlegender Bedeutung ist, um sich in der digitalen Umgebung auf sichere Weise zurechtzufinden, indem sie Lernen und n\u00fctzliche Werkzeuge f\u00fcr die Gegenwart und Zukunft der neuen Generationen miteinander verbindet.<\/p>\n<p>Die Fundaci\u00f3n Cibervoluntarios ist eine gemeinn\u00fctzige Organisation, ein Pionier im Bereich der technologischen Freiwilligenarbeit, die sich daf\u00fcr einsetzt, den gleichberechtigten Zugang zu Technologien zu erleichtern und die digitale Transformation mit einem ethischen und integrativen Ansatz zu f\u00f6rdern, der mit den Zielen f\u00fcr nachhaltige Entwicklung der Agenda 2030 im Einklang steht.<\/p>\n<\/div>\n","protected":false},"excerpt":{"rendered":"<p>4. Juli, 2025 Das Cabildo de Fuerteventura hat \u00fcber die Abteilungen f\u00fcr Bildung und Jugend sowie die Abteilung f\u00fcr Kultur die Digital Camps ins Leben gerufen. Dabei handelt es sich [&hellip;]<\/p>\n","protected":false},"author":1,"featured_media":6526,"comment_status":"open","ping_status":"open","sticky":false,"template":"","format":"standard","meta":{"inline_featured_image":false,"jnews-multi-image_gallery":[],"jnews_single_post":[],"jnews_primary_category":[],"jnews_social_meta":[],"jnews_override_counter":[],"jnews_post_split":[],"footnotes":""},"categories":[287],"tags":[306,216],"class_list":["post-6529","post","type-post","status-publish","format-standard","has-post-thumbnail","hentry","category-cabildo-de","tag-educacion-de","tag-fuerteventura-de"],"jetpack_featured_media_url":"https:\/\/informacionlocal.es\/wp-content\/uploads\/2025\/07\/ddd.jpeg","_links":{"self":[{"href":"https:\/\/informacionlocal.es\/de\/wp-json\/wp\/v2\/posts\/6529","targetHints":{"allow":["GET"]}}],"collection":[{"href":"https:\/\/informacionlocal.es\/de\/wp-json\/wp\/v2\/posts"}],"about":[{"href":"https:\/\/informacionlocal.es\/de\/wp-json\/wp\/v2\/types\/post"}],"author":[{"embeddable":true,"href":"https:\/\/informacionlocal.es\/de\/wp-json\/wp\/v2\/users\/1"}],"replies":[{"embeddable":true,"href":"https:\/\/informacionlocal.es\/de\/wp-json\/wp\/v2\/comments?post=6529"}],"version-history":[{"count":0,"href":"https:\/\/informacionlocal.es\/de\/wp-json\/wp\/v2\/posts\/6529\/revisions"}],"wp:featuredmedia":[{"embeddable":true,"href":"https:\/\/informacionlocal.es\/de\/wp-json\/wp\/v2\/media\/6526"}],"wp:attachment":[{"href":"https:\/\/informacionlocal.es\/de\/wp-json\/wp\/v2\/media?parent=6529"}],"wp:term":[{"taxonomy":"category","embeddable":true,"href":"https:\/\/informacionlocal.es\/de\/wp-json\/wp\/v2\/categories?post=6529"},{"taxonomy":"post_tag","embeddable":true,"href":"https:\/\/informacionlocal.es\/de\/wp-json\/wp\/v2\/tags?post=6529"}],"curies":[{"name":"wp","href":"https:\/\/api.w.org\/{rel}","templated":true}]}}