{"id":6517,"date":"2025-07-06T16:03:17","date_gmt":"2025-07-06T15:03:17","guid":{"rendered":"https:\/\/informacionlocal.es\/das-cabildo-verbessert-ihr-reisen-saniert-die-verkehrsinfrastrukturen-auf-der-ganzen-insel\/"},"modified":"2025-07-06T16:03:17","modified_gmt":"2025-07-06T15:03:17","slug":"das-cabildo-verbessert-ihr-reisen-saniert-die-verkehrsinfrastrukturen-auf-der-ganzen-insel","status":"publish","type":"post","link":"https:\/\/informacionlocal.es\/de\/das-cabildo-verbessert-ihr-reisen-saniert-die-verkehrsinfrastrukturen-auf-der-ganzen-insel\/","title":{"rendered":"Das Cabildo verbessert Ihr Reisen&#8220; saniert die Verkehrsinfrastrukturen auf der ganzen Insel"},"content":{"rendered":"<div class=\"entry-content\"><strong>4. Juli, 2025<\/strong><\/p>\n<p><em><strong>Dieser Besch\u00e4ftigungsplan bietet 13 Arbeitslosen, die an der Reparatur, Renovierung und Reinigung von Bahnh\u00f6fen, Vorzugshaltestellen und Bushaltestellen auf der ganzen Insel arbeiten, eine Besch\u00e4ftigungsm\u00f6glichkeit.<\/strong><\/em><\/p>\n<p>Das Cabildo von Fuerteventura verbessert die Verkehrsinfrastrukturen der Insel dank des Besch\u00e4ftigungsplans &#8218;El Cabildo mejora tus desplazamientos&#8216; (Das Cabildo verbessert Ihre Fahrten). Dieses von der Abteilung f\u00fcr Besch\u00e4ftigungsf\u00f6rderung unter der Leitung von Nuria Cabrera ins Leben gerufene Programm bietet dreizehn Arbeitslosen eine Besch\u00e4ftigungsm\u00f6glichkeit, die ein Jahr lang Reparatur-, Renovierungs- und Reinigungsarbeiten an Bahnh\u00f6fen, Vorzugshaltestellen und Buswarteh\u00e4uschen auf der ganzen Insel durchf\u00fchren. Diese gemeinn\u00fctzige Arbeit wird von der \u00d6ffentlichkeit stark nachgefragt.  <\/p>\n<p>Das Programm hat ein Investitionsvolumen von 369.733,23 Euro, das vom Cabildo von Fuerteventura und der Regierung der Kanarischen Inseln aus den Mitteln des Kanarischen Entwicklungsfonds (FDCAN) kofinanziert wird.<\/p>\n<p>Dieser Besch\u00e4ftigungsplan wird in Abstimmung mit dem Bereich Verkehr des Cabildo durchgef\u00fchrt, der von Luis Gonz\u00e1lez geleitet wird und seit M\u00e4rz 2025 Ma\u00dfnahmen f\u00fcr die Verkehrsinfrastrukturen im gesamten Inselgebiet ergreifen kann.<\/p>\n<p>Die Reparatur- und Reinigungsarbeiten wurden an den Busbahnh\u00f6fen Morro Jable, Puerto del Rosario und Corralejo sowie an den Bushaltestellen Cotillo, Gran Tarajal und Caleta de Fuste durchgef\u00fchrt. An der Bushaltestelle Caleta de Fuste wurde eine allgemeine Reinigung der Einrichtungen und ihrer Umgebung durchgef\u00fchrt. In den Gartenanlagen wurden Reinigungsarbeiten durchgef\u00fchrt, und die Palmen wurden beschnitten und phytosanit\u00e4r behandelt. Dar\u00fcber hinaus wurden allgemeine Instandhaltungsarbeiten durchgef\u00fchrt, darunter die Reparatur von Mobiliar, das Streichen von Bordsteinen und Stra\u00dfenbegrenzungen im Zugangsbereich sowie die Reparatur des Bew\u00e4sserungssystems und andere Ma\u00dfnahmen.   <\/p>\n<p>In den ersten drei Monaten des Programms wurden auch Arbeiten an Bushaltestellen in mehr als vierzig Orten im Norden, im Zentrum und im S\u00fcden der Insel durchgef\u00fchrt.<\/p>\n<\/div>\n","protected":false},"excerpt":{"rendered":"<p>4. Juli, 2025 Dieser Besch\u00e4ftigungsplan bietet 13 Arbeitslosen, die an der Reparatur, Renovierung und Reinigung von Bahnh\u00f6fen, Vorzugshaltestellen und Bushaltestellen auf der ganzen Insel arbeiten, eine Besch\u00e4ftigungsm\u00f6glichkeit. Das Cabildo von [&hellip;]<\/p>\n","protected":false},"author":1,"featured_media":6514,"comment_status":"open","ping_status":"open","sticky":false,"template":"","format":"standard","meta":{"inline_featured_image":false,"jnews-multi-image_gallery":[],"jnews_single_post":[],"jnews_primary_category":[],"jnews_social_meta":[],"jnews_override_counter":[],"jnews_post_split":[],"footnotes":""},"categories":[287],"tags":[216,198],"class_list":["post-6517","post","type-post","status-publish","format-standard","has-post-thumbnail","hentry","category-cabildo-de","tag-fuerteventura-de","tag-transport"],"jetpack_featured_media_url":"https:\/\/informacionlocal.es\/wp-content\/uploads\/2025\/07\/eee-1.jpeg","_links":{"self":[{"href":"https:\/\/informacionlocal.es\/de\/wp-json\/wp\/v2\/posts\/6517","targetHints":{"allow":["GET"]}}],"collection":[{"href":"https:\/\/informacionlocal.es\/de\/wp-json\/wp\/v2\/posts"}],"about":[{"href":"https:\/\/informacionlocal.es\/de\/wp-json\/wp\/v2\/types\/post"}],"author":[{"embeddable":true,"href":"https:\/\/informacionlocal.es\/de\/wp-json\/wp\/v2\/users\/1"}],"replies":[{"embeddable":true,"href":"https:\/\/informacionlocal.es\/de\/wp-json\/wp\/v2\/comments?post=6517"}],"version-history":[{"count":0,"href":"https:\/\/informacionlocal.es\/de\/wp-json\/wp\/v2\/posts\/6517\/revisions"}],"wp:featuredmedia":[{"embeddable":true,"href":"https:\/\/informacionlocal.es\/de\/wp-json\/wp\/v2\/media\/6514"}],"wp:attachment":[{"href":"https:\/\/informacionlocal.es\/de\/wp-json\/wp\/v2\/media?parent=6517"}],"wp:term":[{"taxonomy":"category","embeddable":true,"href":"https:\/\/informacionlocal.es\/de\/wp-json\/wp\/v2\/categories?post=6517"},{"taxonomy":"post_tag","embeddable":true,"href":"https:\/\/informacionlocal.es\/de\/wp-json\/wp\/v2\/tags?post=6517"}],"curies":[{"name":"wp","href":"https:\/\/api.w.org\/{rel}","templated":true}]}}