{"id":6504,"date":"2025-07-06T15:00:47","date_gmt":"2025-07-06T14:00:47","guid":{"rendered":"https:\/\/informacionlocal.es\/die-19-ausgabe-des-festivals-fuerteventura-en-musica-beginnt-dieses-wochenende-in-cotillo\/"},"modified":"2025-07-06T15:00:47","modified_gmt":"2025-07-06T14:00:47","slug":"die-19-ausgabe-des-festivals-fuerteventura-en-musica-beginnt-dieses-wochenende-in-cotillo","status":"publish","type":"post","link":"https:\/\/informacionlocal.es\/de\/die-19-ausgabe-des-festivals-fuerteventura-en-musica-beginnt-dieses-wochenende-in-cotillo\/","title":{"rendered":"Die 19. Ausgabe des Festivals Fuerteventura en Musica beginnt dieses Wochenende in Cotillo"},"content":{"rendered":"<div class=\"entry-content\"><strong>4. Juli, 2025<\/strong><\/p>\n<p>An diesem Wochenende findet am Strand Playa de la Concha in El Cotillo die 19. Ausgabe des Festivals Fuerteventura en M\u00fasica (FEM) statt, das am 4. und 5. Juli abgehalten wird. Alles ist auf die Auftritte von einem Dutzend internationaler, nationaler und lokaler K\u00fcnstler ausgerichtet. Die Konzerte beginnen um 20.00 Uhr und werden von der Journalistin Elisabeth Charlotte moderiert, deren Frische und Authentizit\u00e4t sie zur idealen Zeremonienmeisterin f\u00fcr diese neue Ausgabe machen.  <\/p>\n<p>Heute Morgen erkl\u00e4rte die Pr\u00e4sidentin des Cabildo, Lola Garc\u00eda, dass &#8222;die FEM eine der am sehnlichsten erwarteten Veranstaltungen auf der kulturellen Agenda der Insel ist, die tief auf der Insel verwurzelt ist und darauf abzielt, ein Treffpunkt f\u00fcr verschiedene Kulturen und ein Schaufenster f\u00fcr unsere lokalen K\u00fcnstler zu sein, w\u00e4hrend sie gleichzeitig zur Ankurbelung der lokalen Wirtschaft beitr\u00e4gt&#8220;.<\/p>\n<p>Garc\u00eda bedankte sich f\u00fcr die Zusammenarbeit mit der Stadtverwaltung von La Oliva, &#8222;damit die Bev\u00f6lkerung die Musik und die Umgebung mit absoluter Garantie und R\u00fccksicht auf die Umwelt genie\u00dfen kann&#8220;. Der B\u00fcrgermeister von La Oliva, Isa\u00ed Blanco, lud seinerseits das Publikum ein, an einem Festival teilzunehmen, das El Cotillo &#8222;zum k\u00fcnstlerischen Epizentrum der gesamten Kanarischen Inseln macht und das nun schon in seiner 19. <\/p>\n<p>Beim Besuch der FEM-B\u00fchne waren auch der Stadtrat f\u00fcr Kultur, Rayco Le\u00f3n, der Stadtrat f\u00fcr Kultur, David Hern\u00e1ndez, der k\u00fcnstlerische Leiter der FEM, Mario Alonso, sowie die Moderatorin der diesj\u00e4hrigen Ausgabe, Elisabeth Charlotte, anwesend.<\/p>\n<p>Die K\u00fcnstler Natalia Doco (Argentinien) und die Mitglieder von G5: Kiko Veneno, Muchachito, El Canijo de Jerez und Diego Rat\u00f3n sowie Tomasito, die das Publikum zur Teilnahme an dieser Ausgabe von FEM 2025 ermunterten.<\/p>\n<p><strong>WEF 2025<\/strong><\/p>\n<p>Am Freitag, den 4. Juli, treten Rabiche (20.00 Uhr), Natalia Doco (21.10 Uhr), G-5: Kiko Veneno, Muchachito, El Canijo de Jerez und Diego Rat\u00f3n (Los Delinquentes) sowie Tomasito (22.40 Uhr), Calle Mambo (Mitternacht) und Lehmanns Brothers (2.20 Uhr) auf.<\/p>\n<p>Am Samstag, 5. Juli, sind David El Majorero-Contraventura (20 Uhr), Roy Paci &amp; Aretuska (21.20 Uhr), Queen Omega &amp; The Royals Souls (23 Uhr), Baiuca (Mitternacht) und Kraak &amp; Smaak (2.30 Uhr) an der Reihe.<\/p>\n<p>Im Laufe des Tages wird ein kulturelles Rahmenprogramm angeboten, das gemeinsam mit dem Verein Cotillo Joven das alte und urbane Zentrum von El Cotillo beleben soll. Luzma Nieves als Vertreterin des Vereins und Sergio vom Informellen Orchester luden alle ein, dieses Tagesprogramm zu genie\u00dfen.   <\/p>\n<p>Das Cabildo von Fuerteventura hat auch einen speziellen Busservice eingerichtet: https:\/\/www.cabildofuer.es\/cabildo\/el-cabildo-establece-un-servicio-especial-de-guaguas-con-motivo-del-fem-2025\/<\/p>\n<\/div>\n","protected":false},"excerpt":{"rendered":"<p>4. Juli, 2025 An diesem Wochenende findet am Strand Playa de la Concha in El Cotillo die 19. Ausgabe des Festivals Fuerteventura en M\u00fasica (FEM) statt, das am 4. und [&hellip;]<\/p>\n","protected":false},"author":1,"featured_media":6502,"comment_status":"open","ping_status":"open","sticky":false,"template":"","format":"standard","meta":{"inline_featured_image":false,"jnews-multi-image_gallery":[],"jnews_single_post":[],"jnews_primary_category":[],"jnews_social_meta":[],"jnews_override_counter":[],"jnews_post_split":[],"footnotes":""},"categories":[287],"tags":[216],"class_list":["post-6504","post","type-post","status-publish","format-standard","has-post-thumbnail","hentry","category-cabildo-de","tag-fuerteventura-de"],"jetpack_featured_media_url":"https:\/\/informacionlocal.es\/wp-content\/uploads\/2025\/07\/eeee-1.jpeg","_links":{"self":[{"href":"https:\/\/informacionlocal.es\/de\/wp-json\/wp\/v2\/posts\/6504","targetHints":{"allow":["GET"]}}],"collection":[{"href":"https:\/\/informacionlocal.es\/de\/wp-json\/wp\/v2\/posts"}],"about":[{"href":"https:\/\/informacionlocal.es\/de\/wp-json\/wp\/v2\/types\/post"}],"author":[{"embeddable":true,"href":"https:\/\/informacionlocal.es\/de\/wp-json\/wp\/v2\/users\/1"}],"replies":[{"embeddable":true,"href":"https:\/\/informacionlocal.es\/de\/wp-json\/wp\/v2\/comments?post=6504"}],"version-history":[{"count":0,"href":"https:\/\/informacionlocal.es\/de\/wp-json\/wp\/v2\/posts\/6504\/revisions"}],"wp:featuredmedia":[{"embeddable":true,"href":"https:\/\/informacionlocal.es\/de\/wp-json\/wp\/v2\/media\/6502"}],"wp:attachment":[{"href":"https:\/\/informacionlocal.es\/de\/wp-json\/wp\/v2\/media?parent=6504"}],"wp:term":[{"taxonomy":"category","embeddable":true,"href":"https:\/\/informacionlocal.es\/de\/wp-json\/wp\/v2\/categories?post=6504"},{"taxonomy":"post_tag","embeddable":true,"href":"https:\/\/informacionlocal.es\/de\/wp-json\/wp\/v2\/tags?post=6504"}],"curies":[{"name":"wp","href":"https:\/\/api.w.org\/{rel}","templated":true}]}}