{"id":6469,"date":"2025-07-06T03:11:27","date_gmt":"2025-07-06T02:11:27","guid":{"rendered":"https:\/\/informacionlocal.es\/die-internationale-sportlerin-aus-mallorca-alba-alonso-frey-besucht-das-fremdenverkehrsbuero-der-gemeinde\/"},"modified":"2025-07-06T03:11:27","modified_gmt":"2025-07-06T02:11:27","slug":"die-internationale-sportlerin-aus-mallorca-alba-alonso-frey-besucht-das-fremdenverkehrsbuero-der-gemeinde","status":"publish","type":"post","link":"https:\/\/informacionlocal.es\/de\/die-internationale-sportlerin-aus-mallorca-alba-alonso-frey-besucht-das-fremdenverkehrsbuero-der-gemeinde\/","title":{"rendered":"Die internationale Sportlerin aus Mallorca, Alba Alonso Frey, besucht das Fremdenverkehrsb\u00fcro der Gemeinde."},"content":{"rendered":"<div class=\"entry-content\">\n<p>Am Freitag besuchte die internationale Sportlerin Alba Alonso Frey das st\u00e4dtische Fremdenverkehrsb\u00fcro in El Charco.<\/p>\n<p>Die Majorera, eine hochrangige Wettk\u00e4mpferin, die sich auf Stand Up Paddle (SUP) spezialisiert hat, wurde von der Stadtr\u00e4tin f\u00fcr Tourismus Rosa Rodr\u00edguez empfangen.<\/p>\n<p>Die Stadtverwaltung sponsert \u00fcber das Tourismusministerium die Athletin, die sich nach nur drei Jahren auf h\u00f6chstem internationalen Niveau als eine der gro\u00dfen Referenzen des Sports etabliert hat, insbesondere nachdem sie Weltmeisterin im Sprint bei der ISA World SUP Championship 2024 in D\u00e4nemark geworden ist.<\/p>\n<p>Er trainiert regelm\u00e4\u00dfig in seiner Heimatstadt Puerto del Rosario, wo er Disziplin, Leidenschaft und Verbundenheit mit dem Meer verbindet, um bei jedem Wettkampf sein Bestes zu geben.<\/p>\n<p>Im Mai 2025 gelang ihm ein herausragender Doppelsieg bei den spanischen Meisterschaften \u00fcber die Langstrecke und im Sprint, der ihm einen Platz in der spanischen Nationalmannschaft f\u00fcr die n\u00e4chsten Weltmeisterschaften im Oktober in Abu Dhabi sicherte.<\/p>\n<p>Mit ihrer unaufhaltsamen Entwicklung geh\u00f6rt Alba derzeit zu den besten Athleten der Welt in ihrer Disziplin und vertritt die Kanarischen Inseln und Spanien mit Stolz bei jedem internationalen Wettbewerb.<\/p>\n<\/div>\n","protected":false},"excerpt":{"rendered":"<p>Am Freitag besuchte die internationale Sportlerin Alba Alonso Frey das st\u00e4dtische Fremdenverkehrsb\u00fcro in El Charco. Die Majorera, eine hochrangige Wettk\u00e4mpferin, die sich auf Stand Up Paddle (SUP) spezialisiert hat, wurde [&hellip;]<\/p>\n","protected":false},"author":1,"featured_media":6465,"comment_status":"open","ping_status":"open","sticky":false,"template":"","format":"standard","meta":{"inline_featured_image":false,"jnews-multi-image_gallery":[],"jnews_single_post":[],"jnews_primary_category":[],"jnews_social_meta":[],"jnews_override_counter":[],"jnews_post_split":[],"footnotes":""},"categories":[293],"tags":[],"class_list":["post-6469","post","type-post","status-publish","format-standard","has-post-thumbnail","hentry","category-puerto-del-rosario-de"],"jetpack_featured_media_url":"https:\/\/informacionlocal.es\/wp-content\/uploads\/2025\/07\/padel-33-alba-turismo-logo.jpg","_links":{"self":[{"href":"https:\/\/informacionlocal.es\/de\/wp-json\/wp\/v2\/posts\/6469","targetHints":{"allow":["GET"]}}],"collection":[{"href":"https:\/\/informacionlocal.es\/de\/wp-json\/wp\/v2\/posts"}],"about":[{"href":"https:\/\/informacionlocal.es\/de\/wp-json\/wp\/v2\/types\/post"}],"author":[{"embeddable":true,"href":"https:\/\/informacionlocal.es\/de\/wp-json\/wp\/v2\/users\/1"}],"replies":[{"embeddable":true,"href":"https:\/\/informacionlocal.es\/de\/wp-json\/wp\/v2\/comments?post=6469"}],"version-history":[{"count":0,"href":"https:\/\/informacionlocal.es\/de\/wp-json\/wp\/v2\/posts\/6469\/revisions"}],"wp:featuredmedia":[{"embeddable":true,"href":"https:\/\/informacionlocal.es\/de\/wp-json\/wp\/v2\/media\/6465"}],"wp:attachment":[{"href":"https:\/\/informacionlocal.es\/de\/wp-json\/wp\/v2\/media?parent=6469"}],"wp:term":[{"taxonomy":"category","embeddable":true,"href":"https:\/\/informacionlocal.es\/de\/wp-json\/wp\/v2\/categories?post=6469"},{"taxonomy":"post_tag","embeddable":true,"href":"https:\/\/informacionlocal.es\/de\/wp-json\/wp\/v2\/tags?post=6469"}],"curies":[{"name":"wp","href":"https:\/\/api.w.org\/{rel}","templated":true}]}}