{"id":6337,"date":"2025-07-05T23:03:10","date_gmt":"2025-07-05T22:03:10","guid":{"rendered":"https:\/\/informacionlocal.es\/als-die-musik-der-fiestas-aus-einer-kassette-in-einem-offenen-auto-kam\/"},"modified":"2025-07-05T23:03:10","modified_gmt":"2025-07-05T22:03:10","slug":"als-die-musik-der-fiestas-aus-einer-kassette-in-einem-offenen-auto-kam","status":"publish","type":"post","link":"https:\/\/informacionlocal.es\/de\/als-die-musik-der-fiestas-aus-einer-kassette-in-einem-offenen-auto-kam\/","title":{"rendered":"Als die Musik der Fiestas aus einer Kassette in einem offenen Auto kam"},"content":{"rendered":"<div class=\"elementor-widget-container\">\n<p><strong>Preg\u00f3n in Las Salinas von der Familie Herrera Dom\u00ednguez Als die Musik der Fiestas aus einer Kassette in einem offenen Auto kam<\/strong><\/p>\n<p><strong>&#8211; Kinderfest am Sonntag, eine Woche mit Workshops, Wettbewerben und musikalischen Darbietungen.  <\/strong><br \/><strong>&#8211; Am kommenden Wochenende findet um Mitternacht das gro\u00dfe Feuerwerk statt, das die Verbena mit den Gruppen Kandela, Pachanga und dem Orchester Estrella Latina f\u00fcr einen Moment unterbricht.<\/strong><\/p>\n<p>Las Salinas begann seine Fiestas zu Ehren von Nuestra Se\u00f1ora del Carmen mit einer Familienproklamation der Br\u00fcder Herrera Dom\u00ednguez, die daran erinnerten, dass die erste offizielle Fiesta in diesem K\u00fcstendorf auf die Initiative zweier Nachbarn zur\u00fcckging, die es schafften, das Rathaus von Antigua zu erreichen und ihre Unterst\u00fctzung und den Auftritt von Los Idolos auf einer B\u00fchne mitzubringen, die einem Testsprung nicht standhielt und geflickt werden musste.<\/p>\n<p>F\u00fcr die Familie wurden hundert Peseten f\u00fcr das beliebte Grillfest ausgegeben, und die Hintergrundmusik kam von der Kassette bei voller Lautst\u00e4rke in einem Auto mit heruntergelassenen Fenstern, erinnerten sich die Ausrufer vor einem Publikum, das sie begr\u00fc\u00dfte und beklatschte und sie ermutigte, weiterzumachen, wenn die Gef\u00fchle die Worte \u00fcbert\u00f6nten.<\/p>\n<p>Der B\u00fcrgermeister Mat\u00edas Pe\u00f1a Garc\u00eda begr\u00fc\u00dfte die Feste und hob die Arbeit des Festkomitees mit Guillermo P\u00e9rez Guti\u00e9rrez als Sprecher und Vertreter der Einwohner hervor, die an der Organisation beteiligt sind und zusammen mit der Abteilung f\u00fcr Feste unter der Leitung von Pedro M. Armas ein volles Programm anbieten, bei dem musikalische Darbietungen bis zur Ersch\u00f6pfung an der Tagesordnung sind, zusammen mit Angel- und Dessertwettbewerben, Bastelworkshops und Kinderfesten, wie das an diesem Sonntag von 12:00 Uhr bis zum Nachmittag.<\/p>\n<p>Zu den beliebtesten und bekanntesten Darbietungen bei diesen Festen geh\u00f6rte die von Paco Salinas, der von den Ausrufern der Stadt eine Dankesplakette f\u00fcr seine langj\u00e4hrige Teilnahme an diesen Patronatsfesten erhielt.<\/p>\n<p>Nach den Konzerten von Aleo, Mejor con Copas und der Banda del Cuco am Freitagabend kommt am Samstag die Verbena mit den Gruppen Kandela, Pachanga und dem Orchester Estrella Latrina, die die Musik nur unterbrechen werden, um um Mitternacht dem aquatisch-terrestrischen Feuerwerk beizuwohnen, so Stadtrat Armas.<\/p>\n<\/div>\n","protected":false},"excerpt":{"rendered":"<p><strong>Preg\u00f3n in Las Salinas von der Familie Herrera Dom\u00ednguez Als die Musik der Fiestas aus einer Kassette in einem offenen Auto kam<\/strong><\/p>\n","protected":false},"author":1,"featured_media":6333,"comment_status":"open","ping_status":"open","sticky":false,"template":"","format":"standard","meta":{"inline_featured_image":false,"jnews-multi-image_gallery":[],"jnews_single_post":[],"jnews_primary_category":[],"jnews_social_meta":[],"jnews_override_counter":[],"jnews_post_split":[],"footnotes":""},"categories":[283],"tags":[],"class_list":["post-6337","post","type-post","status-publish","format-standard","has-post-thumbnail","hentry","category-antigua-de"],"jetpack_featured_media_url":"https:\/\/informacionlocal.es\/wp-content\/uploads\/2025\/07\/fiesta-las-salinas.jpg","_links":{"self":[{"href":"https:\/\/informacionlocal.es\/de\/wp-json\/wp\/v2\/posts\/6337","targetHints":{"allow":["GET"]}}],"collection":[{"href":"https:\/\/informacionlocal.es\/de\/wp-json\/wp\/v2\/posts"}],"about":[{"href":"https:\/\/informacionlocal.es\/de\/wp-json\/wp\/v2\/types\/post"}],"author":[{"embeddable":true,"href":"https:\/\/informacionlocal.es\/de\/wp-json\/wp\/v2\/users\/1"}],"replies":[{"embeddable":true,"href":"https:\/\/informacionlocal.es\/de\/wp-json\/wp\/v2\/comments?post=6337"}],"version-history":[{"count":0,"href":"https:\/\/informacionlocal.es\/de\/wp-json\/wp\/v2\/posts\/6337\/revisions"}],"wp:featuredmedia":[{"embeddable":true,"href":"https:\/\/informacionlocal.es\/de\/wp-json\/wp\/v2\/media\/6333"}],"wp:attachment":[{"href":"https:\/\/informacionlocal.es\/de\/wp-json\/wp\/v2\/media?parent=6337"}],"wp:term":[{"taxonomy":"category","embeddable":true,"href":"https:\/\/informacionlocal.es\/de\/wp-json\/wp\/v2\/categories?post=6337"},{"taxonomy":"post_tag","embeddable":true,"href":"https:\/\/informacionlocal.es\/de\/wp-json\/wp\/v2\/tags?post=6337"}],"curies":[{"name":"wp","href":"https:\/\/api.w.org\/{rel}","templated":true}]}}