{"id":6250,"date":"2025-07-05T16:05:16","date_gmt":"2025-07-05T16:05:16","guid":{"rendered":"https:\/\/informacionlocal.es\/puerto-del-rosario-verabschiedet-zunaechst-eine-neue-taxiverordnung-um-einen-qualitativ-hochwertigen-und-an-die-beduerfnisse-der-buerger-angepassten-oeffentlichen-dienst-zu-gewaehrleisten\/"},"modified":"2025-07-05T16:05:16","modified_gmt":"2025-07-05T16:05:16","slug":"puerto-del-rosario-verabschiedet-zunaechst-eine-neue-taxiverordnung-um-einen-qualitativ-hochwertigen-und-an-die-beduerfnisse-der-buerger-angepassten-oeffentlichen-dienst-zu-gewaehrleisten","status":"publish","type":"post","link":"https:\/\/informacionlocal.es\/de\/puerto-del-rosario-verabschiedet-zunaechst-eine-neue-taxiverordnung-um-einen-qualitativ-hochwertigen-und-an-die-beduerfnisse-der-buerger-angepassten-oeffentlichen-dienst-zu-gewaehrleisten\/","title":{"rendered":"Puerto del Rosario verabschiedet zun\u00e4chst eine neue Taxiverordnung, um einen qualitativ hochwertigen und an die Bed\u00fcrfnisse der B\u00fcrger angepassten \u00f6ffentlichen Dienst zu gew\u00e4hrleisten."},"content":{"rendered":"<div class=\"entry-content\">\n<p>Der Stadtrat von Puerto del Rosario hat die neue Verordnung \u00fcber die Erbringung des Taxidienstes verabschiedet, ein innovativer Text, der die Verwaltung dieses f\u00fcr die Mobilit\u00e4t in der Gemeinde wichtigen Dienstes modernisiert und st\u00e4rkt. Die Genehmigung erfolgt nach jahrelangen Forderungen des Sektors und der B\u00fcrger, die eine klare, aktualisierte und rechtssichere Regelung forderten. <\/p>\n<p>Zu den wichtigsten Neuerungen der Verordnung geh\u00f6rt die Einrichtung der st\u00e4dtischen Taxi-Koordinierungsstelle, ein bahnbrechendes Instrument, das die \u00dcberwachung der Geolokalisierung der Fahrzeuge in Echtzeit erm\u00f6glicht, die Einhaltung der Schichten optimiert und eine angemessene Abdeckung des gesamten Stadtgebiets, einschlie\u00dflich strategischer Gebiete wie H\u00e4fen und Flugh\u00e4fen, gew\u00e4hrleistet.<\/p>\n<p>Der B\u00fcrgermeister von Puerto del Rosario, <strong>David de Vera<\/strong>, betonte, dass diese neue Verordnung <em>&#8222;eine feste Verpflichtung ist, der Stadt ein modernes Instrument zur Verf\u00fcgung zu stellen, das die Qualit\u00e4t des Dienstes verbessert und die Chancengleichheit f\u00fcr Taxifachleute garantiert. Mit diesem Schritt reagieren wir auf ein historisches Bed\u00fcrfnis und setzen uns f\u00fcr eine effizientere, nachhaltige Mobilit\u00e4t ein, die n\u00e4her an der Realit\u00e4t der Einwohner und Besucher ist&#8220;.<\/em><\/p>\n<p>Der Stadtrat f\u00fcr Verkehr, <strong>Luis Chac\u00f3n<\/strong>, betonte seinerseits, dass  <em>&#8222;Diese Verordnung ist das Ergebnis monatelanger gemeinsamer Arbeit mit Vertretern des Sektors, mit Beratung durch die Generaldirektion f\u00fcr Verkehr der Kanarischen Regierung und spezialisierte Einrichtungen. Sie ist jetzt f\u00fcr eine Ausstellungszeit ge\u00f6ffnet   <\/em><em>30 Tage f\u00fcr Fachleute, Verb\u00e4nde und B\u00fcrger, um Vorschl\u00e4ge zu machen und den Text zu verfeinern&#8220;.<\/em><\/p>\n<p>Die neue Verordnung enth\u00e4lt auch spezielle Abschnitte f\u00fcr das Flottenmanagement, die Integration technologischer Systeme, die Regulierung vorvertraglicher und vertraglich vereinbarter Dienstleistungen sowie eine Sanktionsregelung, die die Einhaltung der Vorschriften gew\u00e4hrleistet, unlauteren Wettbewerb verhindert und die Qualit\u00e4t der Dienstleistung sicherstellt.<\/p>\n<p>Der B\u00fcrgermeister erinnerte daran, dass <em>&#8222;in dieser Legislaturperiode bereits wichtige Schritte unternommen wurden, wie die Vergabe neuer PRM-Lizenzen, die Aktualisierung der Tarife nach mehr als einem Jahrzehnt ohne \u00dcberarbeitung oder die L\u00f6sung historischer Konflikte, die Fortschritte verhindert haben. Diese Verordnung ist der n\u00e4chste Schritt zur Konsolidierung eines Taxidienstes, der den Herausforderungen einer modernen und dynamischen Stadt gerecht wird&#8220;.<\/em><\/p>\n<p>Der Stadtrat ermutigt alle Fachleute des Sektors und die \u00d6ffentlichkeit, sich aktiv an der \u00f6ffentlichen Ausstellung zu beteiligen und Verbesserungsvorschl\u00e4ge einzureichen, die zu einer klaren, wirksamen und einvernehmlichen Verordnung f\u00fchren werden.<\/p>\n<\/div>\n","protected":false},"excerpt":{"rendered":"<p>Der Stadtrat von Puerto del Rosario hat die neue Verordnung \u00fcber die Erbringung des Taxidienstes verabschiedet, ein innovativer Text, der die Verwaltung dieses f\u00fcr die Mobilit\u00e4t in der Gemeinde wichtigen [&hellip;]<\/p>\n","protected":false},"author":1,"featured_media":6248,"comment_status":"open","ping_status":"open","sticky":false,"template":"","format":"standard","meta":{"inline_featured_image":false,"jnews-multi-image_gallery":[],"jnews_single_post":[],"jnews_primary_category":[],"jnews_social_meta":[],"jnews_override_counter":[],"jnews_post_split":[],"footnotes":""},"categories":[293],"tags":[198],"class_list":["post-6250","post","type-post","status-publish","format-standard","has-post-thumbnail","hentry","category-puerto-del-rosario-de","tag-transport"],"jetpack_featured_media_url":"https:\/\/informacionlocal.es\/wp-content\/uploads\/2025\/07\/taxis-titu-en-parada-1.jpg","_links":{"self":[{"href":"https:\/\/informacionlocal.es\/de\/wp-json\/wp\/v2\/posts\/6250","targetHints":{"allow":["GET"]}}],"collection":[{"href":"https:\/\/informacionlocal.es\/de\/wp-json\/wp\/v2\/posts"}],"about":[{"href":"https:\/\/informacionlocal.es\/de\/wp-json\/wp\/v2\/types\/post"}],"author":[{"embeddable":true,"href":"https:\/\/informacionlocal.es\/de\/wp-json\/wp\/v2\/users\/1"}],"replies":[{"embeddable":true,"href":"https:\/\/informacionlocal.es\/de\/wp-json\/wp\/v2\/comments?post=6250"}],"version-history":[{"count":0,"href":"https:\/\/informacionlocal.es\/de\/wp-json\/wp\/v2\/posts\/6250\/revisions"}],"wp:featuredmedia":[{"embeddable":true,"href":"https:\/\/informacionlocal.es\/de\/wp-json\/wp\/v2\/media\/6248"}],"wp:attachment":[{"href":"https:\/\/informacionlocal.es\/de\/wp-json\/wp\/v2\/media?parent=6250"}],"wp:term":[{"taxonomy":"category","embeddable":true,"href":"https:\/\/informacionlocal.es\/de\/wp-json\/wp\/v2\/categories?post=6250"},{"taxonomy":"post_tag","embeddable":true,"href":"https:\/\/informacionlocal.es\/de\/wp-json\/wp\/v2\/tags?post=6250"}],"curies":[{"name":"wp","href":"https:\/\/api.w.org\/{rel}","templated":true}]}}