{"id":6240,"date":"2025-07-05T15:16:29","date_gmt":"2025-07-05T15:16:29","guid":{"rendered":"https:\/\/informacionlocal.es\/pajara-ist-gastgeber-der-praesentation-des-buches-la-teneria-de-mesque\/"},"modified":"2025-07-05T15:16:29","modified_gmt":"2025-07-05T15:16:29","slug":"pajara-ist-gastgeber-der-praesentation-des-buches-la-teneria-de-mesque","status":"publish","type":"post","link":"https:\/\/informacionlocal.es\/de\/pajara-ist-gastgeber-der-praesentation-des-buches-la-teneria-de-mesque\/","title":{"rendered":"P\u00e1jara ist Gastgeber der Pr\u00e4sentation des Buches &#8222;La Tener\u00eda de Mesque&#8220;."},"content":{"rendered":"<div class=\"entry-content\">\n<p><b><i>Die Arbeit des Forschers Antonio Cabrera Robayna wird am Mittwoch, dem 25. Juni, im Pepe D\u00e1maso Arts Space vorgestellt.<\/i><\/b><\/p>\n<p><span>Die Stadtverwaltung von P\u00e1jara beteiligt sich an der Pr\u00e4sentation des Buches &#8222;La Tener\u00eda de Mesque. Die letzte Gerberei der Kanarischen Inseln&#8220;, eine Forschungs- und Dokumentationsarbeit des Handwerkers und Forschers Antonio Cabrera Robayna. Die vom Cabildo de Fuerteventura gef\u00f6rderte Veranstaltung findet am Mittwoch, den 25. Juni um 19:00 Uhr im Pepe D\u00e1maso Arts Space statt. <\/span><\/p>\n<p><span>An der Veranstaltung nehmen der Autor, Vertreter von Institutionen und Experten f\u00fcr Kultur und kulturelles Erbe teil, die das in dieser Publikation enthaltene historische Erbe hervorheben werden.<\/span><\/p>\n<p><span>Die Pr\u00e4sidentin des Cabildo von Fuerteventura, Lola Garc\u00eda, dr\u00fcckte &#8222;das Privileg aus, ein unentbehrliches Werk zu pr\u00e4sentieren, das es uns erlaubt, mit Respekt und Bewunderung auf die produktive und kulturelle Vergangenheit unserer Insel zu blicken&#8220;, &#8222;eine Ver\u00f6ffentlichung, die dank der Arbeit des Forschers Antonio Cabrera Robayna sowie der gemeinsamen Arbeit zwischen dem Kulturerbe des Cabildo und dem Rathaus von P\u00e1jara m\u00f6glich war&#8220;.  <\/span><\/p>\n<p><span>Der B\u00fcrgermeister von P\u00e1jara, Alejandro Jorge, unterstreicht die Bedeutung der Veranstaltung und der Ver\u00f6ffentlichung. &#8222;Es erinnert uns daran, wer wir waren, und inspiriert uns, das Wissen unserer fr\u00fcheren Generationen zu sch\u00fctzen. Im Namen des Rathauses danken wir dem Cabildo f\u00fcr die Ver\u00f6ffentlichung der gro\u00dfartigen Arbeit von Antonio Cabrera, die den Wert der letzten Gerberei auf den Kanarischen Inseln hervorhebt, die sich genau in unserer Gemeinde befindet&#8220;, sagt er. <\/span><\/p>\n<p><span>Nach den Worten des Stadtrats f\u00fcr Kulturerbe, Rayco Le\u00f3n, &#8222;geht es bei dieser gemeinsamen Arbeit darum, die Erinnerung an eine traditionelle Produktionst\u00e4tigkeit als wertvolles Zeugnis unseres Erbes zu bewahren&#8220;.<\/span><\/p>\n<p><span>Die Stadtr\u00e4tin f\u00fcr Kultur, Raquel Acosta, unterstreicht ihrerseits die symbolische und soziale Tragweite des Werks. &#8222;Antonio Cabrera hat nicht nur gr\u00fcndlich recherchiert, sondern auch einem Handwerk eine Stimme und einen Kontext gegeben, der von Anstrengung, Einfallsreichtum und einer Lebensweise spricht, die wir nicht vergessen d\u00fcrfen. Wir laden alle ein, an dieser Begegnung mit der Geschichte teilzunehmen&#8220;, sagt er. <\/span><\/p>\n<p><span>Diese Arbeit ist eine Anerkennung einer grundlegenden T\u00e4tigkeit in der l\u00e4ndlichen Wirtschaft der Vergangenheit und eine Verpflichtung zur Erhaltung und Weitergabe des traditionellen Wissens, das die Identit\u00e4t der Insel ausmacht.  <\/span><\/p>\n<p><img fetchpriority=\"high\" decoding=\"async\" class=\"alignnone size-medium wp-image-20557\" src=\"https:\/\/informacionlocal.es\/wp-content\/uploads\/2025\/07\/la-tenericc81a-de-mesque-212x300-1.jpg\" width=\"212\" height=\"300\" title=\"la-tenericc81a-de-mesque-212x300-1\"><\/p>\n<\/div>\n","protected":false},"excerpt":{"rendered":"<p><i>Die Arbeit des Forschers Antonio Cabrera Robayna wird am Mittwoch, dem 25. Juni, im Pepe D\u00e1maso Arts Space vorgestellt.<\/i><\/p>\n","protected":false},"author":1,"featured_media":6232,"comment_status":"open","ping_status":"open","sticky":false,"template":"","format":"standard","meta":{"inline_featured_image":false,"jnews-multi-image_gallery":[],"jnews_single_post":[],"jnews_primary_category":[],"jnews_social_meta":[],"jnews_override_counter":[],"jnews_post_split":[],"footnotes":""},"categories":[297],"tags":[216],"class_list":["post-6240","post","type-post","status-publish","format-standard","has-post-thumbnail","hentry","category-pajara-de","tag-fuerteventura-de"],"jetpack_featured_media_url":"https:\/\/informacionlocal.es\/wp-content\/uploads\/2025\/07\/teneria-mesques.jpg","_links":{"self":[{"href":"https:\/\/informacionlocal.es\/de\/wp-json\/wp\/v2\/posts\/6240","targetHints":{"allow":["GET"]}}],"collection":[{"href":"https:\/\/informacionlocal.es\/de\/wp-json\/wp\/v2\/posts"}],"about":[{"href":"https:\/\/informacionlocal.es\/de\/wp-json\/wp\/v2\/types\/post"}],"author":[{"embeddable":true,"href":"https:\/\/informacionlocal.es\/de\/wp-json\/wp\/v2\/users\/1"}],"replies":[{"embeddable":true,"href":"https:\/\/informacionlocal.es\/de\/wp-json\/wp\/v2\/comments?post=6240"}],"version-history":[{"count":0,"href":"https:\/\/informacionlocal.es\/de\/wp-json\/wp\/v2\/posts\/6240\/revisions"}],"wp:featuredmedia":[{"embeddable":true,"href":"https:\/\/informacionlocal.es\/de\/wp-json\/wp\/v2\/media\/6232"}],"wp:attachment":[{"href":"https:\/\/informacionlocal.es\/de\/wp-json\/wp\/v2\/media?parent=6240"}],"wp:term":[{"taxonomy":"category","embeddable":true,"href":"https:\/\/informacionlocal.es\/de\/wp-json\/wp\/v2\/categories?post=6240"},{"taxonomy":"post_tag","embeddable":true,"href":"https:\/\/informacionlocal.es\/de\/wp-json\/wp\/v2\/tags?post=6240"}],"curies":[{"name":"wp","href":"https:\/\/api.w.org\/{rel}","templated":true}]}}