{"id":6199,"date":"2025-07-05T11:59:47","date_gmt":"2025-07-05T11:59:47","guid":{"rendered":"https:\/\/informacionlocal.es\/pajara-lanciert-das-projekt-frauen-des-meeres-um-die-geschichte-und-die-weibliche-stimme-der-gemeinde-sichtbar-zu-machen\/"},"modified":"2025-07-05T11:59:47","modified_gmt":"2025-07-05T11:59:47","slug":"pajara-lanciert-das-projekt-frauen-des-meeres-um-die-geschichte-und-die-weibliche-stimme-der-gemeinde-sichtbar-zu-machen","status":"publish","type":"post","link":"https:\/\/informacionlocal.es\/de\/pajara-lanciert-das-projekt-frauen-des-meeres-um-die-geschichte-und-die-weibliche-stimme-der-gemeinde-sichtbar-zu-machen\/","title":{"rendered":"P\u00e1jara lanciert das Projekt &#8222;Frauen des Meeres&#8220;, um die Geschichte und die weibliche Stimme der Gemeinde sichtbar zu machen."},"content":{"rendered":"<div class=\"entry-content\">\n<p><b><i>Die Aktivit\u00e4t findet vom 7. bis 13. Juli statt. Die Anmeldung ist bis zum 7. Juli um 12 Uhr m\u00f6glich, die Pl\u00e4tze sind begrenzt.<\/i><\/b><\/p>\n<p><span>Die Abteilung f\u00fcr soziale Dienste der Stadtverwaltung von P\u00e1jara hat den Workshop &#8222;Frau des Meeres&#8220; ins Leben gerufen, ein kreatives Angebot im Rahmen des Frauenprogramms, das die Teilnahme erwachsener Frauen aus der Gemeinde f\u00f6rdert.  <\/span><\/p>\n<p><span>Dieses Projekt, das \u00fcber den Staatlichen Pakt gegen geschlechtsspezifische Gewalt und mit Eigenmitteln der Stadtverwaltung finanziert wird, wurde mit dem Ziel ins Leben gerufen, die grundlegende Rolle der Frauen in der Geschichte der Stadt sichtbar zu machen und zu w\u00fcrdigen, insbesondere ihre Verbindung zum Meer.  <\/span><\/p>\n<p><span>Die Stadtr\u00e4tin f\u00fcr Soziales, Kathaisa Rodr\u00edguez, weist darauf hin, dass &#8222;es sich um einen kreativen Workshop zur Selbsterforschung handelt, bei dem Worte und Schreiben als Werkzeuge zur Selbsterkenntnis eingesetzt werden&#8220;. Sie f\u00fcgt hinzu, dass &#8222;der Vorschlag mit einer Gender-Perspektive versucht, die pers\u00f6nlichen und kollektiven Erfahrungen von Frauen neu zu bewerten und eine Br\u00fccke zwischen dem K\u00f6rper und der Insel zu schlagen&#8220;.   <\/span><\/p>\n<p><span>Geleitet wird die Aktivit\u00e4t von Lorena L\u00f3pez Medina, einer Workshop-Leiterin mit Erfahrung in den Bereichen Schreiben, Geschichtenerz\u00e4hlen und Schauspiel, die die Gruppe durch den kreativen Prozess f\u00fchrt.  <\/span><\/p>\n<p><span>Bei f\u00fcnf Treffen vom 7. bis 11. Juli, jeweils von 17.30 bis 19.30 Uhr in der Casa de la Juventud in Morro Jable, werden die Teilnehmer gemeinsam \u00fcber Aspekte wie Identit\u00e4t, emotionale Bindungen und die Rolle der Frau in l\u00e4ndlichen und maritimen Kontexten nachdenken. Zum Abschluss des Prozesses wird die Gruppe am Sonntagnachmittag, 13. Juli, im Rahmen der Fiestas de Nuestra Se\u00f1ora del Carmen in Morro Jable eine Abschlussauff\u00fchrung pr\u00e4sentieren.   <\/span><\/p>\n<p><span>Interessierte Frauen k\u00f6nnen sich telefonisch oder per WhatsApp unter 628 763 838 von 7:30 bis 13:30 Uhr oder per E-Mail unter <\/span><span>serviciossociales@pajara.es<\/span><span>. Die Anmeldefrist l\u00e4uft bis Montag, den 7. Juli um 12:00 Uhr. Der Workshop hat eine maximale Kapazit\u00e4t von 12 Pl\u00e4tzen, die nach dem Prinzip &#8222;Wer zuerst kommt, mahlt zuerst&#8220; vergeben werden.  <\/span><\/p>\n<\/div>\n","protected":false},"excerpt":{"rendered":"<p><i>Die Aktivit\u00e4t findet vom 7. bis 13. Juli statt. Die Anmeldung ist bis zum 7. Juli um 12 Uhr m\u00f6glich, die Pl\u00e4tze sind begrenzt.<\/i><\/p>\n","protected":false},"author":1,"featured_media":6196,"comment_status":"open","ping_status":"open","sticky":false,"template":"","format":"standard","meta":{"inline_featured_image":false,"jnews-multi-image_gallery":[],"jnews_single_post":[],"jnews_primary_category":[],"jnews_social_meta":[],"jnews_override_counter":[],"jnews_post_split":[],"footnotes":""},"categories":[297],"tags":[],"class_list":["post-6199","post","type-post","status-publish","format-standard","has-post-thumbnail","hentry","category-pajara-de"],"jetpack_featured_media_url":"https:\/\/informacionlocal.es\/wp-content\/uploads\/2025\/07\/imagen-e1750929670459.png","_links":{"self":[{"href":"https:\/\/informacionlocal.es\/de\/wp-json\/wp\/v2\/posts\/6199","targetHints":{"allow":["GET"]}}],"collection":[{"href":"https:\/\/informacionlocal.es\/de\/wp-json\/wp\/v2\/posts"}],"about":[{"href":"https:\/\/informacionlocal.es\/de\/wp-json\/wp\/v2\/types\/post"}],"author":[{"embeddable":true,"href":"https:\/\/informacionlocal.es\/de\/wp-json\/wp\/v2\/users\/1"}],"replies":[{"embeddable":true,"href":"https:\/\/informacionlocal.es\/de\/wp-json\/wp\/v2\/comments?post=6199"}],"version-history":[{"count":0,"href":"https:\/\/informacionlocal.es\/de\/wp-json\/wp\/v2\/posts\/6199\/revisions"}],"wp:featuredmedia":[{"embeddable":true,"href":"https:\/\/informacionlocal.es\/de\/wp-json\/wp\/v2\/media\/6196"}],"wp:attachment":[{"href":"https:\/\/informacionlocal.es\/de\/wp-json\/wp\/v2\/media?parent=6199"}],"wp:term":[{"taxonomy":"category","embeddable":true,"href":"https:\/\/informacionlocal.es\/de\/wp-json\/wp\/v2\/categories?post=6199"},{"taxonomy":"post_tag","embeddable":true,"href":"https:\/\/informacionlocal.es\/de\/wp-json\/wp\/v2\/tags?post=6199"}],"curies":[{"name":"wp","href":"https:\/\/api.w.org\/{rel}","templated":true}]}}