{"id":6187,"date":"2025-07-05T11:27:43","date_gmt":"2025-07-05T11:27:43","guid":{"rendered":"https:\/\/informacionlocal.es\/rock-live-und-auf-der-strasse-gibt-es-diesen-samstag-in-el-castillo\/"},"modified":"2025-07-05T11:27:43","modified_gmt":"2025-07-05T11:27:43","slug":"rock-live-und-auf-der-strasse-gibt-es-diesen-samstag-in-el-castillo","status":"publish","type":"post","link":"https:\/\/informacionlocal.es\/de\/rock-live-und-auf-der-strasse-gibt-es-diesen-samstag-in-el-castillo\/","title":{"rendered":"Rock live und auf der Stra\u00dfe gibt es diesen Samstag in El Castillo"},"content":{"rendered":"<div class=\"elementor-widget-container\">\n<p><strong>Rock live und auf der Stra\u00dfe gibt es diesen Samstag in El Castillo<\/strong><\/p>\n<p><strong>&#8211; Das Programm El Castillo es M\u00fasica y Diversi\u00f3n wird diesen Samstag von 17.00 bis 20.00 Uhr in der Calle Juan Ram\u00f3n Soto Morales fortgesetzt.<\/strong><\/p>\n<p>Das Rathaus von Antigua organisiert in Zusammenarbeit mit dem Cabildo de Fuerteventura die Stra\u00dfen- und Dynamikinitiative El Castillo es m\u00fasica y Diversi\u00f3n.<\/p>\n<p>Diesen Samstag, den 5. Juli von 17:00 bis 20:00 Uhr in der Juan Ram\u00f3n Soto Morales Stra\u00dfe werden wir in der Lage sein, zu genie\u00dfen, sagt der Stadtrat f\u00fcr Handel, Giuseppe Signorino, die Gruppe The Rock Machine mit Songs Nummer eins in der Geschichte des Rock, Blues und Pop.<\/p>\n<p>Die Idee ist es, die Menschen auf die Stra\u00dfe zu bringen, zu flanieren und die Fu\u00dfg\u00e4ngerzonen von Caleta de Fuste zu genie\u00dfen, indem man ihnen musikalische \u00dcberraschungen wie diese Live-Performance auf der Stra\u00dfe bietet, sagt Stadtrat Signorino, und sie einl\u00e4dt, die kommerziellen und lokalen Bereiche und die verschiedenen Einrichtungen dieser Stadt kennen zu lernen.<\/p>\n<p>Die Stadtr\u00e4tin f\u00fcr Handel erinnert auch daran, dass an diesem Wochenende am Freitagnachmittag auf der Plaza de El Castillo ein Markt der Vielfalt mit musikalischer Untermalung und einem Bereich f\u00fcr Kinder angeboten wird.<\/p>\n<p>In Caleta de Fuste, aber auch in den anderen St\u00e4dten und D\u00f6rfern Antiguas, ist ein Sommer voller kommerzieller, kultureller, festlicher und sportlicher Aktivit\u00e4ten geplant, so B\u00fcrgermeister Mat\u00edas Pe\u00f1a, von denen einige bereits angek\u00fcndigt wurden und andere in K\u00fcrze bekannt gegeben werden, um einen attraktiven und dynamischen Sommer f\u00fcr alle Geschm\u00e4cker in der gesamten Gemeinde zu vervollst\u00e4ndigen.<\/p>\n<\/div>\n","protected":false},"excerpt":{"rendered":"<p><strong>Rock live und auf der Stra\u00dfe gibt es diesen Samstag in El Castillo<\/strong><\/p>\n","protected":false},"author":1,"featured_media":6184,"comment_status":"open","ping_status":"open","sticky":false,"template":"","format":"standard","meta":{"inline_featured_image":false,"jnews-multi-image_gallery":[],"jnews_single_post":[],"jnews_primary_category":[],"jnews_social_meta":[],"jnews_override_counter":[],"jnews_post_split":[],"footnotes":""},"categories":[283],"tags":[216],"class_list":["post-6187","post","type-post","status-publish","format-standard","has-post-thumbnail","hentry","category-antigua-de","tag-fuerteventura-de"],"jetpack_featured_media_url":"https:\/\/informacionlocal.es\/wp-content\/uploads\/2025\/07\/img-20250629-wa0029.jpg","_links":{"self":[{"href":"https:\/\/informacionlocal.es\/de\/wp-json\/wp\/v2\/posts\/6187","targetHints":{"allow":["GET"]}}],"collection":[{"href":"https:\/\/informacionlocal.es\/de\/wp-json\/wp\/v2\/posts"}],"about":[{"href":"https:\/\/informacionlocal.es\/de\/wp-json\/wp\/v2\/types\/post"}],"author":[{"embeddable":true,"href":"https:\/\/informacionlocal.es\/de\/wp-json\/wp\/v2\/users\/1"}],"replies":[{"embeddable":true,"href":"https:\/\/informacionlocal.es\/de\/wp-json\/wp\/v2\/comments?post=6187"}],"version-history":[{"count":0,"href":"https:\/\/informacionlocal.es\/de\/wp-json\/wp\/v2\/posts\/6187\/revisions"}],"wp:featuredmedia":[{"embeddable":true,"href":"https:\/\/informacionlocal.es\/de\/wp-json\/wp\/v2\/media\/6184"}],"wp:attachment":[{"href":"https:\/\/informacionlocal.es\/de\/wp-json\/wp\/v2\/media?parent=6187"}],"wp:term":[{"taxonomy":"category","embeddable":true,"href":"https:\/\/informacionlocal.es\/de\/wp-json\/wp\/v2\/categories?post=6187"},{"taxonomy":"post_tag","embeddable":true,"href":"https:\/\/informacionlocal.es\/de\/wp-json\/wp\/v2\/tags?post=6187"}],"curies":[{"name":"wp","href":"https:\/\/api.w.org\/{rel}","templated":true}]}}