{"id":6176,"date":"2025-07-05T10:04:07","date_gmt":"2025-07-05T10:04:07","guid":{"rendered":"https:\/\/informacionlocal.es\/in-der-casa-de-la-cultura-in-puerto-del-rosario-beginnt-das-kultursommercamp-an-dem-50-junge-menschen-teilnehmen\/"},"modified":"2025-07-05T10:04:07","modified_gmt":"2025-07-05T10:04:07","slug":"in-der-casa-de-la-cultura-in-puerto-del-rosario-beginnt-das-kultursommercamp-an-dem-50-junge-menschen-teilnehmen","status":"publish","type":"post","link":"https:\/\/informacionlocal.es\/de\/in-der-casa-de-la-cultura-in-puerto-del-rosario-beginnt-das-kultursommercamp-an-dem-50-junge-menschen-teilnehmen\/","title":{"rendered":"In der Casa de la Cultura in Puerto del Rosario beginnt das Kultursommercamp, an dem 50 junge Menschen teilnehmen."},"content":{"rendered":"<div class=\"entry-content\">\n<p>Am Dienstag, dem 1. Juli, begann in der Casa de la Cultura in Puerto del Rosario eine neue Ausgabe des Kultursommercamps, ein Angebot, das nicht nur den kulturellen Raum der Gemeinde mit Leben f\u00fcllt, sondern auch 50 Jungen und M\u00e4dchen zwischen 11 und 16 Jahren die M\u00f6glichkeit bietet, einen anderen, kreativen und v\u00f6llig freien Sommer zu erleben.<\/p>\n<p>Mit Rucks\u00e4cken voller Begeisterung und Talenten, die es zu entdecken gilt, wurden die Teilnehmer vom Stadtrat f\u00fcr Kultur, Juan Manuel Verdugo, und vom Koordinator des Camps, Domingo Saavedra, Direktor der Musikschule La Nueva Saga, begr\u00fc\u00dft. Bei der Begr\u00fc\u00dfung wurden T-Shirts und Armb\u00e4nder \u00fcberreicht, die die Gruppe, die den ganzen Juli \u00fcber Erfahrungen, Lachen und viele Stunden Kunst miteinander teilen wird, bereits ausweisen. Ein erster Kontakt, bei dem sie begannen, sich gegenseitig kennenzulernen, ihre Leidenschaften zu teilen und zu zeigen, dass junge Talente in Puerto del Rosario lebendiger denn je sind.  <\/p>\n<p>Der B\u00fcrgermeister von Puerto del Rosario, David de Vera, bewertet diese Initiative sehr positiv: &#8222;Das Sommerkulturcamp ist ein klares Beispiel f\u00fcr das Engagement des Rathauses f\u00fcr Jugend und Kultur. Die Bereitstellung eines kostenlosen Raums f\u00fcr die k\u00fcnstlerische Ausbildung ist die Aussaat von<br \/>Zukunft, Talent und Gemeinschaft&#8220;. <\/p>\n<p>&#8222;Was heute beginnt, ist viel mehr als ein Camp: Es ist ein Raum, um sich auszudr\u00fccken, etwas zu schaffen, das Lampenfieber zu verlieren und, wer wei\u00df, vielleicht eine Berufung zu entdecken, die sie ihr ganzes Leben lang begleiten wird&#8220;, sagte Stadtrat Juan Manuel Verdugo.<\/p>\n<p>Die ersten Momente waren eine Gelegenheit f\u00fcr die Teilnehmer, sich gegenseitig kennenzulernen. Domingo Saavedra interagierte mit ihnen und fragte sie, ob sie bereits k\u00fcnstlerische Erfahrungen h\u00e4tten, und schon bald kamen verschiedene Talente zum Vorschein: junge Leute spielten Instrumente, sangen, tanzten&#8230; Die Atmosph\u00e4re war von einer kreativen Energie erf\u00fcllt, die einen Monat voller k\u00fcnstlerischer Lernerfahrungen ank\u00fcndigte<br \/>. <\/p>\n<p>W\u00e4hrend des gesamten Camps werden die Jugendlichen an Workshops teilnehmen, die von Fachleuten aus verschiedenen k\u00fcnstlerischen Disziplinen geleitet werden:<br \/>Stefy Faga &#8211; Zirkus<br \/>Lolo Mart\u00edn &#8211; Theater<br \/>Ren\u00e9 &#8211; Tanz<br \/>Cristina Quesada &#8211; Film und Literatur<br \/>Marina DiMaio &#8211; Musiktheater<br \/>Desir\u00e9 Santana &#8211; DJ Workshop<br \/>Domingo Saavedra &#8211; Koordination und Musik<\/p>\n<p>Den Abschluss bildet Ende Juli eine Auff\u00fchrung, bei der sie vor ihren Familien zeigen werden, was sie gelernt haben, und bei der die gemeinsame Arbeit und die pers\u00f6nliche Entwicklung jedes Einzelnen im Mittelpunkt stehen werden.<\/p>\n<p>Mit Vorschl\u00e4gen wie diesem unterstreicht Puerto del Rosario sein Engagement f\u00fcr die Kultur und die F\u00f6rderung junger Talente, denn vielleicht gibt es nach diesem Sommer Menschen, die entdecken, dass Kunst nicht nur eine Urlaubsaktivit\u00e4t ist&#8230; sondern ein Weg, dem man folgen kann.<\/p>\n<\/div>\n","protected":false},"excerpt":{"rendered":"<p>Am Dienstag, dem 1. Juli, begann in der Casa de la Cultura in Puerto del Rosario eine neue Ausgabe des Kultursommercamps, ein Angebot, das nicht nur den kulturellen Raum der [&hellip;]<\/p>\n","protected":false},"author":1,"featured_media":6172,"comment_status":"open","ping_status":"open","sticky":false,"template":"","format":"standard","meta":{"inline_featured_image":false,"jnews-multi-image_gallery":[],"jnews_single_post":[],"jnews_primary_category":[],"jnews_social_meta":[],"jnews_override_counter":[],"jnews_post_split":[],"footnotes":""},"categories":[293],"tags":[],"class_list":["post-6176","post","type-post","status-publish","format-standard","has-post-thumbnail","hentry","category-puerto-del-rosario-de"],"jetpack_featured_media_url":"https:\/\/informacionlocal.es\/wp-content\/uploads\/2025\/07\/campa-44-cultural-pre-saavedra-y-ninos-scaled-1.jpg","_links":{"self":[{"href":"https:\/\/informacionlocal.es\/de\/wp-json\/wp\/v2\/posts\/6176","targetHints":{"allow":["GET"]}}],"collection":[{"href":"https:\/\/informacionlocal.es\/de\/wp-json\/wp\/v2\/posts"}],"about":[{"href":"https:\/\/informacionlocal.es\/de\/wp-json\/wp\/v2\/types\/post"}],"author":[{"embeddable":true,"href":"https:\/\/informacionlocal.es\/de\/wp-json\/wp\/v2\/users\/1"}],"replies":[{"embeddable":true,"href":"https:\/\/informacionlocal.es\/de\/wp-json\/wp\/v2\/comments?post=6176"}],"version-history":[{"count":0,"href":"https:\/\/informacionlocal.es\/de\/wp-json\/wp\/v2\/posts\/6176\/revisions"}],"wp:featuredmedia":[{"embeddable":true,"href":"https:\/\/informacionlocal.es\/de\/wp-json\/wp\/v2\/media\/6172"}],"wp:attachment":[{"href":"https:\/\/informacionlocal.es\/de\/wp-json\/wp\/v2\/media?parent=6176"}],"wp:term":[{"taxonomy":"category","embeddable":true,"href":"https:\/\/informacionlocal.es\/de\/wp-json\/wp\/v2\/categories?post=6176"},{"taxonomy":"post_tag","embeddable":true,"href":"https:\/\/informacionlocal.es\/de\/wp-json\/wp\/v2\/tags?post=6176"}],"curies":[{"name":"wp","href":"https:\/\/api.w.org\/{rel}","templated":true}]}}