{"id":6163,"date":"2025-07-05T09:05:32","date_gmt":"2025-07-05T09:05:32","guid":{"rendered":"https:\/\/informacionlocal.es\/der-stadtrat-von-pajara-nimmt-an-der-abschlussfeier-von-ecca-edu-teil\/"},"modified":"2025-07-05T09:05:32","modified_gmt":"2025-07-05T09:05:32","slug":"der-stadtrat-von-pajara-nimmt-an-der-abschlussfeier-von-ecca-edu-teil","status":"publish","type":"post","link":"https:\/\/informacionlocal.es\/de\/der-stadtrat-von-pajara-nimmt-an-der-abschlussfeier-von-ecca-edu-teil\/","title":{"rendered":"Der Stadtrat von P\u00e1jara nimmt an der Abschlussfeier von Ecca.edu teil"},"content":{"rendered":"<div class=\"entry-content\">\n<p><b><i>Stadtr\u00e4tin Luc\u00eda Darriba betont die Bedeutung der Bildung f\u00fcr die Besch\u00e4ftigung und die lokale Entwicklung  <\/i><\/b><\/p>\n<p><span>Der Stadtrat von P\u00e1jara nahm an der Abschlussfeier teil, die von <\/span><span>Ecca.edu<\/span><span>die am Dienstag, dem 24. Juni, im Jugendzentrum der Insel Fuerteventura stattfand. Die Stadtr\u00e4tin f\u00fcr Ausbildung, Besch\u00e4ftigung und lokale Entwicklung, Luc\u00eda Darriba, nahm im Namen des Konsistoriums teil und begl\u00fcckw\u00fcnschte die Sch\u00fcler f\u00fcr ihren Einsatz, ihre Ausdauer und ihr Engagement f\u00fcr die Ausbildung.   <\/span><\/p>\n<p><span>Die Stadtr\u00e4tin hob die Bedeutung der Bildung als Instrument f\u00fcr pers\u00f6nliche und berufliche Ver\u00e4nderungen hervor. &#8222;Wenn man auf Bildung setzt, setzt man auf eine besser vorbereitete Gemeinde mit mehr M\u00f6glichkeiten und bef\u00e4higten B\u00fcrgern&#8220;, sagte sie.   <\/span><\/p>\n<p><span>Er f\u00fcgte hinzu, dass &#8222;wir vom Konsistorium aus weiterhin diese Art von Initiativen unterst\u00fctzen werden, die Wege zur Besch\u00e4ftigung und sozialen Eingliederung er\u00f6ffnen&#8220;.  <\/span><\/p>\n<p><span>An der Abschlussfeier nahmen Sch\u00fcler aus verschiedenen Orten der Insel teil, die ihre Ausbildung im Rahmen des flexiblen Bildungsmodells erfolgreich abgeschlossen haben. Insgesamt haben 48 Personen den obligatorischen Sekundarschulabschluss und 19 Personen das Baccalaureat erworben, davon f\u00fcnf aus der Gemeinde P\u00e1jara. <\/span><\/p>\n<p><span>Die Veranstaltung war auch eine Feier der gemeinsamen Anstrengungen von Lehrern, Familien und kooperierenden Einrichtungen.  <\/span><\/p>\n<\/div>\n","protected":false},"excerpt":{"rendered":"<p><i>Stadtr\u00e4tin Luc\u00eda Darriba betont die Bedeutung der Bildung f\u00fcr die Besch\u00e4ftigung und die lokale Entwicklung  <\/i><\/p>\n","protected":false},"author":1,"featured_media":6160,"comment_status":"open","ping_status":"open","sticky":false,"template":"","format":"standard","meta":{"inline_featured_image":false,"jnews-multi-image_gallery":[],"jnews_single_post":[],"jnews_primary_category":[],"jnews_social_meta":[],"jnews_override_counter":[],"jnews_post_split":[],"footnotes":""},"categories":[297],"tags":[306,216],"class_list":["post-6163","post","type-post","status-publish","format-standard","has-post-thumbnail","hentry","category-pajara-de","tag-educacion-de","tag-fuerteventura-de"],"jetpack_featured_media_url":"https:\/\/informacionlocal.es\/wp-content\/uploads\/2025\/07\/graduacion-ecca_-edu_-e1751025679872.png","_links":{"self":[{"href":"https:\/\/informacionlocal.es\/de\/wp-json\/wp\/v2\/posts\/6163","targetHints":{"allow":["GET"]}}],"collection":[{"href":"https:\/\/informacionlocal.es\/de\/wp-json\/wp\/v2\/posts"}],"about":[{"href":"https:\/\/informacionlocal.es\/de\/wp-json\/wp\/v2\/types\/post"}],"author":[{"embeddable":true,"href":"https:\/\/informacionlocal.es\/de\/wp-json\/wp\/v2\/users\/1"}],"replies":[{"embeddable":true,"href":"https:\/\/informacionlocal.es\/de\/wp-json\/wp\/v2\/comments?post=6163"}],"version-history":[{"count":0,"href":"https:\/\/informacionlocal.es\/de\/wp-json\/wp\/v2\/posts\/6163\/revisions"}],"wp:featuredmedia":[{"embeddable":true,"href":"https:\/\/informacionlocal.es\/de\/wp-json\/wp\/v2\/media\/6160"}],"wp:attachment":[{"href":"https:\/\/informacionlocal.es\/de\/wp-json\/wp\/v2\/media?parent=6163"}],"wp:term":[{"taxonomy":"category","embeddable":true,"href":"https:\/\/informacionlocal.es\/de\/wp-json\/wp\/v2\/categories?post=6163"},{"taxonomy":"post_tag","embeddable":true,"href":"https:\/\/informacionlocal.es\/de\/wp-json\/wp\/v2\/tags?post=6163"}],"curies":[{"name":"wp","href":"https:\/\/api.w.org\/{rel}","templated":true}]}}