{"id":6137,"date":"2025-07-05T07:00:59","date_gmt":"2025-07-05T07:00:59","guid":{"rendered":"https:\/\/informacionlocal.es\/die-frist-fuer-die-beantragung-der-installation-von-ventorrillos-bei-den-fiestas-del-rosario-2025-laeuft-jetzt-ab\/"},"modified":"2025-07-05T07:00:59","modified_gmt":"2025-07-05T07:00:59","slug":"die-frist-fuer-die-beantragung-der-installation-von-ventorrillos-bei-den-fiestas-del-rosario-2025-laeuft-jetzt-ab","status":"publish","type":"post","link":"https:\/\/informacionlocal.es\/de\/die-frist-fuer-die-beantragung-der-installation-von-ventorrillos-bei-den-fiestas-del-rosario-2025-laeuft-jetzt-ab\/","title":{"rendered":"Die Frist f\u00fcr die Beantragung der Installation von &#8222;Ventorrillos&#8220; bei den Fiestas del Rosario 2025 l\u00e4uft jetzt ab."},"content":{"rendered":"<div class=\"entry-content\">\n<p>Das Rathaus von Puerto del Rosario teilt mit, dass von Donnerstag, dem 3. Juli, bis Freitag, dem 11. Juli 2025, die Frist f\u00fcr die Beantragung von Genehmigungen f\u00fcr die Aufstellung von St\u00e4nden und Stra\u00dfenverkaufsst\u00e4nden f\u00fcr die Fiestas del Rosario ge\u00f6ffnet ist.<\/p>\n<p>\ud83d\udccd Hierbei handelt es sich um die vor\u00fcbergehende Inanspruchnahme des \u00f6ffentlichen Raums f\u00fcr abnehmbare Installationen, Food-Trucks oder \u00c4hnliches, die dem Verkauf von Getr\u00e4nken, Lebensmitteln oder anderen Produkten bei Feierlichkeiten dienen.<\/p>\n<p>\ud83d\udcdd Wie bewirbt man sich?<br \/>\u00dcber das elektronische Register der Stadtverwaltung oder auf dem gesetzlich zul\u00e4ssigen Weg.<\/p>\n<p>\ud83d\udcc2 Erforderliche Unterlagen (Zusammenfassung):<br \/>\u2705 Ausweis des Antragstellers<br \/>\u2705 Foto des Standes<br \/>\u2705 Sozialversicherungs- und AEAT-Dokumente<br \/>\u2705 Haftpflichtversicherung (mindestens 600.000 \u20ac)<br \/>\u2705 Technische Bescheinigungen (Elektro-, Gas-, Brandschutz)<br \/>\u2705 Technisches Datenblatt oder Eignungsbescheinigung<br \/>\u2705 Lebensmittelzulassung<br \/>\u2705 F\u00fcr Vereine: CIF, Gr\u00fcndungsakt, Zweckerkl\u00e4rung<\/p>\n<p>\u26a0\ufe0f Bei fehlenden Unterlagen wird der Betroffene benachrichtigt, damit er sie innerhalb von 5 Tagen nachreichen kann.<\/p>\n<p>\ud83d\udcc5 Bewerbungsfrist:<br \/>\ud83d\uddd3 3. bis 11. Juli 2025<\/p>\n<p>\u2139\ufe0f Informieren Sie sich \u00fcber die vollst\u00e4ndigen Bedingungen und reichen Sie Ihren Antrag unter \ud83d\udc49 www.puertodelrosario.org ( Festejos ) ein.<\/p>\n<\/div>\n","protected":false},"excerpt":{"rendered":"<p>Das Rathaus von Puerto del Rosario teilt mit, dass von Donnerstag, dem 3. Juli, bis Freitag, dem 11. Juli 2025, die Frist f\u00fcr die Beantragung von Genehmigungen f\u00fcr die Aufstellung [&hellip;]<\/p>\n","protected":false},"author":1,"featured_media":6134,"comment_status":"open","ping_status":"open","sticky":false,"template":"","format":"standard","meta":{"inline_featured_image":false,"jnews-multi-image_gallery":[],"jnews_single_post":[],"jnews_primary_category":[],"jnews_social_meta":[],"jnews_override_counter":[],"jnews_post_split":[],"footnotes":""},"categories":[293],"tags":[],"class_list":["post-6137","post","type-post","status-publish","format-standard","has-post-thumbnail","hentry","category-puerto-del-rosario-de"],"jetpack_featured_media_url":"https:\/\/informacionlocal.es\/wp-content\/uploads\/2025\/07\/ventorrillos-titu-con-familia.jpg","_links":{"self":[{"href":"https:\/\/informacionlocal.es\/de\/wp-json\/wp\/v2\/posts\/6137","targetHints":{"allow":["GET"]}}],"collection":[{"href":"https:\/\/informacionlocal.es\/de\/wp-json\/wp\/v2\/posts"}],"about":[{"href":"https:\/\/informacionlocal.es\/de\/wp-json\/wp\/v2\/types\/post"}],"author":[{"embeddable":true,"href":"https:\/\/informacionlocal.es\/de\/wp-json\/wp\/v2\/users\/1"}],"replies":[{"embeddable":true,"href":"https:\/\/informacionlocal.es\/de\/wp-json\/wp\/v2\/comments?post=6137"}],"version-history":[{"count":0,"href":"https:\/\/informacionlocal.es\/de\/wp-json\/wp\/v2\/posts\/6137\/revisions"}],"wp:featuredmedia":[{"embeddable":true,"href":"https:\/\/informacionlocal.es\/de\/wp-json\/wp\/v2\/media\/6134"}],"wp:attachment":[{"href":"https:\/\/informacionlocal.es\/de\/wp-json\/wp\/v2\/media?parent=6137"}],"wp:term":[{"taxonomy":"category","embeddable":true,"href":"https:\/\/informacionlocal.es\/de\/wp-json\/wp\/v2\/categories?post=6137"},{"taxonomy":"post_tag","embeddable":true,"href":"https:\/\/informacionlocal.es\/de\/wp-json\/wp\/v2\/tags?post=6137"}],"curies":[{"name":"wp","href":"https:\/\/api.w.org\/{rel}","templated":true}]}}