{"id":6125,"date":"2025-07-05T05:59:08","date_gmt":"2025-07-05T05:59:08","guid":{"rendered":"https:\/\/informacionlocal.es\/das-rathaus-von-pajara-feiert-die-auszeichnung-mit-der-blauen-flagge-als-garantie-fuer-sichere-und-nachhaltige-straende\/"},"modified":"2025-07-05T05:59:08","modified_gmt":"2025-07-05T05:59:08","slug":"das-rathaus-von-pajara-feiert-die-auszeichnung-mit-der-blauen-flagge-als-garantie-fuer-sichere-und-nachhaltige-straende","status":"publish","type":"post","link":"https:\/\/informacionlocal.es\/de\/das-rathaus-von-pajara-feiert-die-auszeichnung-mit-der-blauen-flagge-als-garantie-fuer-sichere-und-nachhaltige-straende\/","title":{"rendered":"Das Rathaus von P\u00e1jara feiert die Auszeichnung mit der Blauen Flagge als Garantie f\u00fcr sichere und nachhaltige Str\u00e4nde."},"content":{"rendered":"<div class=\"entry-content\">\n<p><b><i>Morro Jable, Costa Calma, Butihondo und El Matorral erneuern diese Anerkennung, die Wasserqualit\u00e4t, Sicherheit und Zug\u00e4nglichkeit in ihren Badegebieten garantiert.<\/i><\/b><\/p>\n<p><span>Heute, am 27. Juni, feierte das Rathaus von P\u00e1jara die Verleihung der Blauen Flagge an den Strand von Morro Jable, ein Ereignis, das einmal mehr die internationale Anerkennung der Qualit\u00e4t, Sicherheit, Zug\u00e4nglichkeit und Umweltvertr\u00e4glichkeit der Badegebiete unterstreicht.  <\/span><\/p>\n<p><span>Der Stadtrat f\u00fcr Str\u00e4nde, Raimundo Dacosta, betonte, dass &#8222;die erneute Verleihung dieses Preises an unsere Hauptstr\u00e4nde die kontinuierliche Arbeit der Stadtverwaltung und der verschiedenen Dienststellen zur Gew\u00e4hrleistung einer sauberen, sicheren und attraktiven Umgebung f\u00fcr Einwohner und Besucher zeigt&#8220;.  <\/span><\/p>\n<p><span>Die Stadtr\u00e4tin f\u00fcr Umwelt, \u00c1ngeles Acosta, betonte ihrerseits, dass &#8222;diese Anerkennung uns nicht nur stolz macht, sondern uns auch verpflichtet, uns weiter zu verbessern&#8220;. Sie f\u00fcgte hinzu, dass &#8222;wir uns f\u00fcr ein nachhaltiges Tourismusmodell und f\u00fcr Str\u00e4nde einsetzen, die das ganze Jahr \u00fcber zug\u00e4nglich und von hoher Qualit\u00e4t sind&#8220;.   <\/span><\/p>\n<p><span>Auch in diesem Jahr tragen die Str\u00e4nde von Costa Calma, Morro Jable, Butihondo und El Matorral stolz dieses Abzeichen, das von der Europ\u00e4ischen Stiftung f\u00fcr Umwelterziehung an Reiseziele verliehen wird, die strenge Kriterien f\u00fcr Wasserqualit\u00e4t, Umweltmanagement, Service und Einrichtungen erf\u00fcllen.  <\/span><\/p>\n<\/div>\n","protected":false},"excerpt":{"rendered":"<p><i>Morro Jable, Costa Calma, Butihondo und El Matorral erneuern diese Anerkennung, die die Qualit\u00e4t des Wassers, die Sicherheit und die Zug\u00e4nglichkeit ihrer Badegebiete garantiert.<\/i><\/p>\n","protected":false},"author":1,"featured_media":6122,"comment_status":"open","ping_status":"open","sticky":false,"template":"","format":"standard","meta":{"inline_featured_image":false,"jnews-multi-image_gallery":[],"jnews_single_post":[],"jnews_primary_category":[],"jnews_social_meta":[],"jnews_override_counter":[],"jnews_post_split":[],"footnotes":""},"categories":[297],"tags":[199],"class_list":["post-6125","post","type-post","status-publish","format-standard","has-post-thumbnail","hentry","category-pajara-de","tag-umwelt"],"jetpack_featured_media_url":"https:\/\/informacionlocal.es\/wp-content\/uploads\/2025\/07\/whatsapp-image-2025-06-27-at-14-25-24-e1751037679955.jpeg","_links":{"self":[{"href":"https:\/\/informacionlocal.es\/de\/wp-json\/wp\/v2\/posts\/6125","targetHints":{"allow":["GET"]}}],"collection":[{"href":"https:\/\/informacionlocal.es\/de\/wp-json\/wp\/v2\/posts"}],"about":[{"href":"https:\/\/informacionlocal.es\/de\/wp-json\/wp\/v2\/types\/post"}],"author":[{"embeddable":true,"href":"https:\/\/informacionlocal.es\/de\/wp-json\/wp\/v2\/users\/1"}],"replies":[{"embeddable":true,"href":"https:\/\/informacionlocal.es\/de\/wp-json\/wp\/v2\/comments?post=6125"}],"version-history":[{"count":0,"href":"https:\/\/informacionlocal.es\/de\/wp-json\/wp\/v2\/posts\/6125\/revisions"}],"wp:featuredmedia":[{"embeddable":true,"href":"https:\/\/informacionlocal.es\/de\/wp-json\/wp\/v2\/media\/6122"}],"wp:attachment":[{"href":"https:\/\/informacionlocal.es\/de\/wp-json\/wp\/v2\/media?parent=6125"}],"wp:term":[{"taxonomy":"category","embeddable":true,"href":"https:\/\/informacionlocal.es\/de\/wp-json\/wp\/v2\/categories?post=6125"},{"taxonomy":"post_tag","embeddable":true,"href":"https:\/\/informacionlocal.es\/de\/wp-json\/wp\/v2\/tags?post=6125"}],"curies":[{"name":"wp","href":"https:\/\/api.w.org\/{rel}","templated":true}]}}