{"id":6113,"date":"2025-07-05T05:01:33","date_gmt":"2025-07-05T05:01:33","guid":{"rendered":"https:\/\/informacionlocal.es\/die-pfarrei-las-salinas-enthuellt-fenster-und-glasmalereien-fuer-ihre-fiestas-del-carmen\/"},"modified":"2025-07-05T05:01:33","modified_gmt":"2025-07-05T05:01:33","slug":"die-pfarrei-las-salinas-enthuellt-fenster-und-glasmalereien-fuer-ihre-fiestas-del-carmen","status":"publish","type":"post","link":"https:\/\/informacionlocal.es\/de\/die-pfarrei-las-salinas-enthuellt-fenster-und-glasmalereien-fuer-ihre-fiestas-del-carmen\/","title":{"rendered":"Die Pfarrei Las Salinas enth\u00fcllt Fenster und Glasmalereien f\u00fcr ihre Fiestas del Carmen"},"content":{"rendered":"<div class=\"elementor-widget-container\">\n<p><strong>Die Pfarrei Las Salinas enth\u00fcllt Fenster und Glasmalereien f\u00fcr ihre Fiestas del Carmen<\/strong><\/p>\n<p><strong>&#8211; Alles ist bereit, um die Fiestas in Las Salinas von Freitag, dem 4. bis Sonntag, dem 13. Juli zu feiern.  <\/strong><br \/><strong>&#8211; Die Gezeiten machen es notwendig, die Prozession zu Ehren Unserer Lieben Frau vom Berge Karmel auf das Festland vorzuverlegen. Dies ist nicht das erste Mal, dass der Festausschuss eine solche Entscheidung trifft, da sie etwa alle vier Jahre stattfindet.  <\/strong><br \/><strong>&#8211; Das Ministerium f\u00fcr Arbeiten und Dienstleistungen restauriert auf Wunsch der Nachbarn die Fenster und Fensterb\u00e4nke der Gemeinde Las Salinas.<\/strong><\/p>\n<p>Der B\u00fcrgermeister Mat\u00edas Pe\u00f1a und die Stadtr\u00e4te f\u00fcr Festlichkeiten, Pedro M. Armas, und f\u00fcr Arbeiten, Dienstleistungen und Umwelt, Juan Cabrera, haben zusammen mit dem Vertreter der Festkommission von Las Salinas, Guillermo P\u00e9rez Guti\u00e9rrez, \u00fcberpr\u00fcft, ob alles f\u00fcr die Feierlichkeiten zu Ehren von Nuestra Se\u00f1ora del Carmen bereit ist.<\/p>\n<p>Festzelt, Strandbars, Energieanlagen, Beleuchtung, B\u00fchne und Dekoration, alles ist bereit in Las Salinas del Carmen, das seine H\u00e4user schm\u00fcckt, und Stars in einer gr\u00fcndlichen Stra\u00dfenreinigung, die vom Umweltministerium durchgef\u00fchrt wird, in jedem Dorf der Gemeinde vor dem Beginn der Feierlichkeiten, die Vorbereitung der Zug\u00e4nge, Entfernen von B\u00fcschen und Ausr\u00fcstung und die Vorbereitung von Bereichen f\u00fcr Vergn\u00fcgen, Ruhe und Parkplatz.<\/p>\n<p>Der f\u00fcr Bau und Dienstleistungen zust\u00e4ndige Stadtrat Juan Cabrera weist auf die Versch\u00f6nerungsarbeiten hin, die in der Pfarrei Las Salinas durchgef\u00fchrt wurden, indem die Fassade und die Innenw\u00e4nde gestrichen und die Fenster, die gro\u00dfen Fenster und die Glasscheiben, die den kleinen und gem\u00fctlichen Innenraum erhellen, ausgetauscht wurden.<\/p>\n<p>Der Stadtrat Pedro M. Armas begl\u00fcckw\u00fcnscht das Komitee von Las Salinas zu seiner Beteiligung am Programm und an der Organisation der Fiestas und unterst\u00fctzt dessen Entscheidung, die maritime Landprozession zu Ehren Unserer Lieben Frau von Carmen im Rahmen der Festlichkeiten und bei optimalem Gezeitenstand am Sonntag, den 13. Juli, durchzuf\u00fchren.<\/p>\n<p>Die Fiestas de Las Salinas beginnen an diesem Freitag, dem 4. Mai, mit der Proklamation der Familie Herrera Dominguez, einem beliebten Toast f\u00fcr alle Anwesenden und Auftritten von Paco Salinas und Laly Lean.<\/p>\n<\/div>\n","protected":false},"excerpt":{"rendered":"<p><strong>Die Pfarrei Las Salinas enth\u00fcllt Fenster und Glasmalereien f\u00fcr ihre Fiestas del Carmen<\/strong><\/p>\n","protected":false},"author":1,"featured_media":6110,"comment_status":"open","ping_status":"open","sticky":false,"template":"","format":"standard","meta":{"inline_featured_image":false,"jnews-multi-image_gallery":[],"jnews_single_post":[],"jnews_primary_category":[],"jnews_social_meta":[],"jnews_override_counter":[],"jnews_post_split":[],"footnotes":""},"categories":[283],"tags":[199],"class_list":["post-6113","post","type-post","status-publish","format-standard","has-post-thumbnail","hentry","category-antigua-de","tag-umwelt"],"jetpack_featured_media_url":"https:\/\/informacionlocal.es\/wp-content\/uploads\/2025\/07\/antigua-coordina-los-preparativos-de-las-fiestas-con-la-comision-de-salinas-del-carmen-2-scaled-1.jpg","_links":{"self":[{"href":"https:\/\/informacionlocal.es\/de\/wp-json\/wp\/v2\/posts\/6113","targetHints":{"allow":["GET"]}}],"collection":[{"href":"https:\/\/informacionlocal.es\/de\/wp-json\/wp\/v2\/posts"}],"about":[{"href":"https:\/\/informacionlocal.es\/de\/wp-json\/wp\/v2\/types\/post"}],"author":[{"embeddable":true,"href":"https:\/\/informacionlocal.es\/de\/wp-json\/wp\/v2\/users\/1"}],"replies":[{"embeddable":true,"href":"https:\/\/informacionlocal.es\/de\/wp-json\/wp\/v2\/comments?post=6113"}],"version-history":[{"count":0,"href":"https:\/\/informacionlocal.es\/de\/wp-json\/wp\/v2\/posts\/6113\/revisions"}],"wp:featuredmedia":[{"embeddable":true,"href":"https:\/\/informacionlocal.es\/de\/wp-json\/wp\/v2\/media\/6110"}],"wp:attachment":[{"href":"https:\/\/informacionlocal.es\/de\/wp-json\/wp\/v2\/media?parent=6113"}],"wp:term":[{"taxonomy":"category","embeddable":true,"href":"https:\/\/informacionlocal.es\/de\/wp-json\/wp\/v2\/categories?post=6113"},{"taxonomy":"post_tag","embeddable":true,"href":"https:\/\/informacionlocal.es\/de\/wp-json\/wp\/v2\/tags?post=6113"}],"curies":[{"name":"wp","href":"https:\/\/api.w.org\/{rel}","templated":true}]}}