{"id":6089,"date":"2025-07-05T02:58:25","date_gmt":"2025-07-05T02:58:25","guid":{"rendered":"https:\/\/informacionlocal.es\/die-stadtverwaltung-von-pajara-installiert-neue-angepasste-duschen-an-den-straenden-von-morro-jable\/"},"modified":"2025-07-05T02:58:25","modified_gmt":"2025-07-05T02:58:25","slug":"die-stadtverwaltung-von-pajara-installiert-neue-angepasste-duschen-an-den-straenden-von-morro-jable","status":"publish","type":"post","link":"https:\/\/informacionlocal.es\/de\/die-stadtverwaltung-von-pajara-installiert-neue-angepasste-duschen-an-den-straenden-von-morro-jable\/","title":{"rendered":"Die Stadtverwaltung von P\u00e1jara installiert neue angepasste Duschen an den Str\u00e4nden von Morro Jable"},"content":{"rendered":"<div class=\"entry-content\">\n<p><b><i>Die Ma\u00dfnahme verbessert die Zug\u00e4nglichkeit des Strandes und unterstreicht das Engagement des Konsistoriums und des Cabildo f\u00fcr einen integrativen K\u00fcstenstreifen.  <\/i><\/b><\/p>\n<p><span>Die Stadtverwaltung von P\u00e1jara hat \u00fcber die Abteilung f\u00fcr Str\u00e4nde die Installation von drei neuen Duschen f\u00fcr Menschen mit eingeschr\u00e4nkter Mobilit\u00e4t am Strand von Morro Jable abgeschlossen und bekr\u00e4ftigt damit ihr Engagement f\u00fcr die Inklusion und den allgemeinen Zugang zur K\u00fcste der Gemeinde.  <\/span><\/p>\n<p><span>Die Duschen wurden vom Cabildo de Fuerteventura im Rahmen seiner Zusammenarbeit mit dem Konsistorium zur F\u00f6rderung einer barrierefreien und integrativen Umgebung zur Verf\u00fcgung gestellt.  <\/span><\/p>\n<p><span>Der Stadtrat f\u00fcr Str\u00e4nde, Raimundo Dacosta, betont, dass &#8222;diese Initiative unseren Wunsch widerspiegelt, dass jeder, unabh\u00e4ngig von seinen F\u00e4higkeiten, unsere Str\u00e4nde unter w\u00fcrdigen und komfortablen Bedingungen genie\u00dfen kann&#8220;. Er f\u00fcgt hinzu, dass &#8222;wir weiterhin Verbesserungen vornehmen werden, damit die K\u00fcste der Gemeinde den Bed\u00fcrfnissen derjenigen entspricht, die sie t\u00e4glich besuchen und dort leben&#8220;.   <\/span><\/p>\n<p><span>Diese neuen Einrichtungen, die an strategischen Punkten entlang des Strandes verteilt sind, sind so konzipiert, dass sie auch von Menschen mit funktionellen Einschr\u00e4nkungen bequem und sicher genutzt werden k\u00f6nnen. Diese Ma\u00dfnahme ist Teil des kommunalen Plans zur Verbesserung der K\u00fcsteninfrastrukturen, der die Zug\u00e4nglichkeit als Schl\u00fcsselelement eines gerechteren und nachhaltigeren Tourismusmodells in den Mittelpunkt stellt.   <\/span><\/p>\n<\/div>\n","protected":false},"excerpt":{"rendered":"<p><i>Die Ma\u00dfnahme verbessert die Zug\u00e4nglichkeit des Strandes und unterstreicht das Engagement des Konsistoriums und des Cabildo f\u00fcr einen integrativen K\u00fcstenstreifen.  <\/i><\/p>\n","protected":false},"author":1,"featured_media":6086,"comment_status":"open","ping_status":"open","sticky":false,"template":"","format":"standard","meta":{"inline_featured_image":false,"jnews-multi-image_gallery":[],"jnews_single_post":[],"jnews_primary_category":[],"jnews_social_meta":[],"jnews_override_counter":[],"jnews_post_split":[],"footnotes":""},"categories":[297],"tags":[216],"class_list":["post-6089","post","type-post","status-publish","format-standard","has-post-thumbnail","hentry","category-pajara-de","tag-fuerteventura-de"],"jetpack_featured_media_url":"https:\/\/informacionlocal.es\/wp-content\/uploads\/2025\/07\/duchas-accesibles-1-e1751281432277.jpeg","_links":{"self":[{"href":"https:\/\/informacionlocal.es\/de\/wp-json\/wp\/v2\/posts\/6089","targetHints":{"allow":["GET"]}}],"collection":[{"href":"https:\/\/informacionlocal.es\/de\/wp-json\/wp\/v2\/posts"}],"about":[{"href":"https:\/\/informacionlocal.es\/de\/wp-json\/wp\/v2\/types\/post"}],"author":[{"embeddable":true,"href":"https:\/\/informacionlocal.es\/de\/wp-json\/wp\/v2\/users\/1"}],"replies":[{"embeddable":true,"href":"https:\/\/informacionlocal.es\/de\/wp-json\/wp\/v2\/comments?post=6089"}],"version-history":[{"count":0,"href":"https:\/\/informacionlocal.es\/de\/wp-json\/wp\/v2\/posts\/6089\/revisions"}],"wp:featuredmedia":[{"embeddable":true,"href":"https:\/\/informacionlocal.es\/de\/wp-json\/wp\/v2\/media\/6086"}],"wp:attachment":[{"href":"https:\/\/informacionlocal.es\/de\/wp-json\/wp\/v2\/media?parent=6089"}],"wp:term":[{"taxonomy":"category","embeddable":true,"href":"https:\/\/informacionlocal.es\/de\/wp-json\/wp\/v2\/categories?post=6089"},{"taxonomy":"post_tag","embeddable":true,"href":"https:\/\/informacionlocal.es\/de\/wp-json\/wp\/v2\/tags?post=6089"}],"curies":[{"name":"wp","href":"https:\/\/api.w.org\/{rel}","templated":true}]}}