{"id":6077,"date":"2025-07-05T02:10:18","date_gmt":"2025-07-05T02:10:18","guid":{"rendered":"https:\/\/informacionlocal.es\/antigua-bringt-die-beach-party-als-caleta-sound-fest-zurueck\/"},"modified":"2025-07-05T02:10:18","modified_gmt":"2025-07-05T02:10:18","slug":"antigua-bringt-die-beach-party-als-caleta-sound-fest-zurueck","status":"publish","type":"post","link":"https:\/\/informacionlocal.es\/de\/antigua-bringt-die-beach-party-als-caleta-sound-fest-zurueck\/","title":{"rendered":"Antigua bringt die Beach Party als Caleta Sound Fest zur\u00fcck"},"content":{"rendered":"<div class=\"elementor-widget-container\">\n<p><strong>Antigua bringt die Beach Party als Caleta Sound Fest zur\u00fcck<\/strong><\/p>\n<p><strong>&#8211; Das Rathaus von Antigua hat eine neue Ausgabe des Beach-Party-Musikfestivals angek\u00fcndigt, das am 1. und 2. August unter dem Namen Caleta Sound Fest stattfindet.<\/strong><br \/><strong>&#8211; Mehr als 20 Stunden Musik ohne Unterbrechung mit Auftritten von f\u00fchrenden nationalen und internationalen Bands.<\/strong><\/p>\n<p>B\u00fcrgermeister Mat\u00edas Pe\u00f1a und die Stadtr\u00e4tin f\u00fcr Tourismus, Kristina Rodewig, k\u00fcndigen die R\u00fcckkehr einer der wichtigsten Musikveranstaltungen des Sommers auf der Insel, die Strandparty El Castillo, als Caleta Sound Fest an.<\/p>\n<p>Wir haben uns verpflichtet, dieses gro\u00dfe Musikfestival am Strand von El Castillo wieder aufleben zu lassen, und es ist bereits Realit\u00e4t, nachdem wir uns viel M\u00fche mit den Unterlagen und Genehmigungen gegeben haben und die Gemeinde mehr als 300.000 Euro investiert hat&#8220;, sagt B\u00fcrgermeister Mat\u00edas Pe\u00f1a Garc\u00eda.<\/p>\n<p>Das Caleta Sound Fest ist eine gro\u00dfartige Neuigkeit und die beste Antwort auf die Nachfrage der Wirtschaft, um die Stadt Caleta de Fuste und die Gemeinde Antigua selbst wieder ins Rampenlicht zu r\u00fccken, sagt die Stadtr\u00e4tin f\u00fcr Tourismus, Kristina Rodewig, als Hauptnutznie\u00dfer eines Musikfestivals am Strand von El Castillo mit einer Reihe von Konzerten und Auff\u00fchrungen, die mehr als 20 Stunden Musik nonstop bieten.<\/p>\n<p>Die R\u00fcckkehr der Beach Party als Caleta Sound Fest ist das Ergebnis einer wichtigen und komplexen Arbeit, die wir seit Monaten entwickelt haben, ohne irgendetwas dar\u00fcber zu verk\u00fcnden, bis wir die Sicherheit und Best\u00e4tigung hatten, f\u00fcgt der Stadtrat Rodewig hinzu.<\/p>\n<p>In K\u00fcrze werden wir das hervorragende Plakat f\u00fcr das Caleta Sound Fest vorstellen, und dann m\u00fcssen wir nur noch die Konzerte und ihre wirtschaftlichen und werbetechnischen Auswirkungen w\u00e4hrend und nach dem Festival genie\u00dfen&#8220;, so der Stadtrat abschlie\u00dfend.<\/p>\n<\/div>\n","protected":false},"excerpt":{"rendered":"<p><strong>Antigua bringt die Beach Party als Caleta Sound Fest zur\u00fcck<\/strong><\/p>\n","protected":false},"author":1,"featured_media":6074,"comment_status":"open","ping_status":"open","sticky":false,"template":"","format":"standard","meta":{"inline_featured_image":false,"jnews-multi-image_gallery":[],"jnews_single_post":[],"jnews_primary_category":[],"jnews_social_meta":[],"jnews_override_counter":[],"jnews_post_split":[],"footnotes":""},"categories":[283],"tags":[],"class_list":["post-6077","post","type-post","status-publish","format-standard","has-post-thumbnail","hentry","category-antigua-de"],"jetpack_featured_media_url":"https:\/\/informacionlocal.es\/wp-content\/uploads\/2025\/07\/cartel-caleta-horarios-2-scaled-1.jpg","_links":{"self":[{"href":"https:\/\/informacionlocal.es\/de\/wp-json\/wp\/v2\/posts\/6077","targetHints":{"allow":["GET"]}}],"collection":[{"href":"https:\/\/informacionlocal.es\/de\/wp-json\/wp\/v2\/posts"}],"about":[{"href":"https:\/\/informacionlocal.es\/de\/wp-json\/wp\/v2\/types\/post"}],"author":[{"embeddable":true,"href":"https:\/\/informacionlocal.es\/de\/wp-json\/wp\/v2\/users\/1"}],"replies":[{"embeddable":true,"href":"https:\/\/informacionlocal.es\/de\/wp-json\/wp\/v2\/comments?post=6077"}],"version-history":[{"count":0,"href":"https:\/\/informacionlocal.es\/de\/wp-json\/wp\/v2\/posts\/6077\/revisions"}],"wp:featuredmedia":[{"embeddable":true,"href":"https:\/\/informacionlocal.es\/de\/wp-json\/wp\/v2\/media\/6074"}],"wp:attachment":[{"href":"https:\/\/informacionlocal.es\/de\/wp-json\/wp\/v2\/media?parent=6077"}],"wp:term":[{"taxonomy":"category","embeddable":true,"href":"https:\/\/informacionlocal.es\/de\/wp-json\/wp\/v2\/categories?post=6077"},{"taxonomy":"post_tag","embeddable":true,"href":"https:\/\/informacionlocal.es\/de\/wp-json\/wp\/v2\/tags?post=6077"}],"curies":[{"name":"wp","href":"https:\/\/api.w.org\/{rel}","templated":true}]}}