{"id":6065,"date":"2025-07-05T00:59:34","date_gmt":"2025-07-05T00:59:34","guid":{"rendered":"https:\/\/informacionlocal.es\/die-stadtverwaltung-von-puerto-del-rosario-die-inselregierung-von-fuerteventura-und-die-kanarische-regierung-setzen-sich-gemeinsam-fuer-den-schutz-des-historischen-erbes-der-gemeinde-ein\/"},"modified":"2025-07-05T00:59:34","modified_gmt":"2025-07-05T00:59:34","slug":"die-stadtverwaltung-von-puerto-del-rosario-die-inselregierung-von-fuerteventura-und-die-kanarische-regierung-setzen-sich-gemeinsam-fuer-den-schutz-des-historischen-erbes-der-gemeinde-ein","status":"publish","type":"post","link":"https:\/\/informacionlocal.es\/de\/die-stadtverwaltung-von-puerto-del-rosario-die-inselregierung-von-fuerteventura-und-die-kanarische-regierung-setzen-sich-gemeinsam-fuer-den-schutz-des-historischen-erbes-der-gemeinde-ein\/","title":{"rendered":"Die Stadtverwaltung von Puerto del Rosario, die Inselregierung von Fuerteventura und die Kanarische Regierung setzen sich gemeinsam f\u00fcr den Schutz des historischen Erbes der Gemeinde ein."},"content":{"rendered":"<div class=\"entry-content\">\n<p>Der Stadtrat von Puerto del Rosario hielt am Dienstag, den 1. Juli, eine wichtige Koordinierungssitzung ab, an der der Generaldirektor f\u00fcr Kulturerbe der Kanarischen Regierung, Miguel \u00c1ngel Clavijo, die Pr\u00e4sidentin der Inselregierung von Fuerteventura, Lola Garc\u00eda, der Stadtrat f\u00fcr Kulturerbe der Inselregierung von Fuerteventura, Rayco de Le\u00f3n, der Stadtrat f\u00fcr historisches Erbe der Hauptstadt, David de Le\u00f3n, die Stadtplanerin Ana Hern\u00e1ndez sowie das technische Team und das Team, das den Katalog des kommunalen Kulturerbes erstellt, teilnahmen.<\/p>\n<p>Hauptziel dieses Arbeitstreffens war es, die Koordinierung zwischen den drei beteiligten Verwaltungen zu verst\u00e4rken, um den Schutz und die Erhaltung des historischen Erbes der Gemeinde zu gew\u00e4hrleisten, nachdem <strong>k\u00fcrzlich die erste Genehmigung des Gemeindekatalogs zum Schutz des kulturellen Erbes von Puerto del Rosario<\/strong> erteilt wurde.<\/p>\n<p>Der B\u00fcrgermeister von Puerto del Rosario, <strong>David de Vera<\/strong>, betonte <em>: &#8222;Dies ist ein entscheidender Schritt zur Koordinierung der Bem\u00fchungen und Ma\u00dfnahmen, die es dem neuen Erhaltungsinstrument, wie dem Katalog, erm\u00f6glichen, die Grundlagen f\u00fcr die Entwicklung von Strategien der Zusammenarbeit mit den Eigent\u00fcmern und B\u00fcrgern zu schaffen. Wir wollen, dass der Wert des Kulturerbes zu einer grundlegenden Achse der Stadtentwicklung von Puerto del Rosario wird&#8220;.<\/em><\/p>\n<p>Die Pr\u00e4sidentin des Cabildo von Fuerteventura, <strong>Lola Garc\u00eda<\/strong>, hob ihrerseits die Bedeutung der Zusammenarbeit hervor: <em>&#8222;Es ist wichtig, die Kr\u00e4fte zu b\u00fcndeln, damit der Schutz des Kulturerbes kein Hindernis ist, sondern eine Chance, die Identit\u00e4t und Attraktivit\u00e4t unserer Gemeinden zu f\u00f6rdern&#8220;.<\/em><\/p>\n<p>Der Generaldirektor f\u00fcr kulturelles Erbe der Kanarischen Regierung, <strong>Miguel \u00c1ngel Clavijo<\/strong>, unterstrich die Bedeutung dieser Art von Instrumenten: <em>&#8222;Die Genehmigung des kommunalen Katalogs ist ein wesentliches Instrument, um das Erbe mit Garantien zu erhalten und harmonisch in die Stadtplanung zu integrieren. Die koordinierte Arbeit zwischen den Verwaltungen ist der beste Weg, um unser Erbe zu sch\u00fctzen&#8220;.<\/em><\/p>\n<p>Auf kommunaler Ebene betonte der Stadtrat f\u00fcr historisches Erbe, <strong>David de Le\u00f3n<\/strong>, dass <em>&#8222;die Beteiligung aller Parteien von entscheidender Bedeutung ist. Es geht nicht nur um den Schutz von Geb\u00e4uden, sondern auch darum, die Erinnerung und die Geschichte von Puerto del Rosario f\u00fcr k\u00fcnftige Generationen zu bewahren&#8220;.<\/em><\/p>\n<p><strong>Ana Hern\u00e1ndez<\/strong>, Stadtr\u00e4tin f\u00fcr Stadtplanung, betonte ebenfalls die Notwendigkeit, den Schutz des kulturellen Erbes mit der Planung in Einklang zu bringen: <em>&#8222;Der urspr\u00fcnglich genehmigte Katalog ist ein Instrument, mit dem wir genau festlegen k\u00f6nnen, welche Werte erhalten werden m\u00fcssen und wie sie in die Entwicklung der Stadt integriert werden k\u00f6nnen&#8220;.<\/em><\/p>\n<p>Der Stadtrat f\u00fcr kulturelles Erbe des Cabildo von Fuerteventura, <strong>Rayco de Le\u00f3n<\/strong>, wies darauf hin, dass <em>&#8222;die Koordinierung zwischen dem Cabildo, der Kanarischen Regierung und dem Rathaus der Weg ist, um einen echten und wirksamen Schutz des kulturellen Erbes zu gew\u00e4hrleisten, der Erhaltung, verantwortungsvolle Nutzung und Aufwertung miteinander verbindet&#8220;.<\/em><\/p>\n<p>Mit der ersten Genehmigung des Katalogs und diesem neuen koordinierten Impuls macht Puerto del Rosario einen festen Schritt zur Konsolidierung einer verantwortungsvollen und partizipativen Kulturerbepolitik, in der Schutz und Erhaltung zu Schl\u00fcsselelementen f\u00fcr die gegenw\u00e4rtige und zuk\u00fcnftige Entwicklung der Gemeinde werden.<\/p>\n<\/div>\n","protected":false},"excerpt":{"rendered":"<p>Der Stadtrat von Puerto del Rosario hielt am Dienstag, den 1. Juli, eine wichtige Koordinierungssitzung ab, an der der Generaldirektor f\u00fcr Kulturerbe der Kanarischen Regierung, Miguel \u00c1ngel Clavijo, die Pr\u00e4sidentin [&hellip;]<\/p>\n","protected":false},"author":1,"featured_media":6062,"comment_status":"open","ping_status":"open","sticky":false,"template":"","format":"standard","meta":{"inline_featured_image":false,"jnews-multi-image_gallery":[],"jnews_single_post":[],"jnews_primary_category":[],"jnews_social_meta":[],"jnews_override_counter":[],"jnews_post_split":[],"footnotes":""},"categories":[293],"tags":[216,196],"class_list":["post-6065","post","type-post","status-publish","format-standard","has-post-thumbnail","hentry","category-puerto-del-rosario-de","tag-fuerteventura-de","tag-gemeinden"],"jetpack_featured_media_url":"https:\/\/informacionlocal.es\/wp-content\/uploads\/2025\/07\/patrimonio-22-hco-ayto-cab-gob-can-0725.jpg","_links":{"self":[{"href":"https:\/\/informacionlocal.es\/de\/wp-json\/wp\/v2\/posts\/6065","targetHints":{"allow":["GET"]}}],"collection":[{"href":"https:\/\/informacionlocal.es\/de\/wp-json\/wp\/v2\/posts"}],"about":[{"href":"https:\/\/informacionlocal.es\/de\/wp-json\/wp\/v2\/types\/post"}],"author":[{"embeddable":true,"href":"https:\/\/informacionlocal.es\/de\/wp-json\/wp\/v2\/users\/1"}],"replies":[{"embeddable":true,"href":"https:\/\/informacionlocal.es\/de\/wp-json\/wp\/v2\/comments?post=6065"}],"version-history":[{"count":0,"href":"https:\/\/informacionlocal.es\/de\/wp-json\/wp\/v2\/posts\/6065\/revisions"}],"wp:featuredmedia":[{"embeddable":true,"href":"https:\/\/informacionlocal.es\/de\/wp-json\/wp\/v2\/media\/6062"}],"wp:attachment":[{"href":"https:\/\/informacionlocal.es\/de\/wp-json\/wp\/v2\/media?parent=6065"}],"wp:term":[{"taxonomy":"category","embeddable":true,"href":"https:\/\/informacionlocal.es\/de\/wp-json\/wp\/v2\/categories?post=6065"},{"taxonomy":"post_tag","embeddable":true,"href":"https:\/\/informacionlocal.es\/de\/wp-json\/wp\/v2\/tags?post=6065"}],"curies":[{"name":"wp","href":"https:\/\/api.w.org\/{rel}","templated":true}]}}