{"id":6052,"date":"2025-07-05T00:01:50","date_gmt":"2025-07-05T00:01:50","guid":{"rendered":"https:\/\/informacionlocal.es\/das-rathaus-von-pajara-veranstaltet-die-fiestas-zu-ehren-von-san-benito-abad-in-la-pared\/"},"modified":"2025-07-05T00:01:50","modified_gmt":"2025-07-05T00:01:50","slug":"das-rathaus-von-pajara-veranstaltet-die-fiestas-zu-ehren-von-san-benito-abad-in-la-pared","status":"publish","type":"post","link":"https:\/\/informacionlocal.es\/de\/das-rathaus-von-pajara-veranstaltet-die-fiestas-zu-ehren-von-san-benito-abad-in-la-pared\/","title":{"rendered":"Das Rathaus von P\u00e1jara veranstaltet die Fiestas zu Ehren von San Benito Abad in La Pared"},"content":{"rendered":"<div class=\"entry-content\">\n<p><b><i>Vom 3. bis 6. Juli gibt es ein umfangreiches Festprogramm, das die Wurzeln der Stadt und ihrer Bewohner w\u00fcrdigt.  <\/i><\/b><\/p>\n<p><span>Die Stadtverwaltung von P\u00e1jara pr\u00e4sentiert \u00fcber die Abteilung f\u00fcr Festlichkeiten die Fiestas zu Ehren von San Benito Abad in der Ortschaft La Pared, die von Donnerstag, dem 3. Juli, bis Sonntag, dem 6. Juli, stattfinden und ein abwechslungsreiches Programm mit Aktivit\u00e4ten f\u00fcr alle Altersgruppen bieten.  <\/span><\/p>\n<p><span>Die Feierlichkeiten beginnen heute ab 18:00 Uhr mit der traditionellen Dekoration des Dorfes. Anschlie\u00dfend k\u00f6nnen Einwohner und Besucher in festlicher Atmosph\u00e4re eine Dessertverkostung genie\u00dfen.   <\/span><\/p>\n<p><span>W\u00e4hrend des viert\u00e4gigen Festes stehen T\u00e4nze unter freiem Himmel, Gesellschaftsspiele, musikalische Darbietungen, das beliebte Grillfest sowie Aktivit\u00e4ten speziell f\u00fcr die Kleinen auf dem Programm, wie z. B. das Kinderfest mit Wasserh\u00fcpfburgen und einer Schaumkanone.  <\/span><\/p>\n<p><span>Der Stadtrat f\u00fcr Festlichkeiten, Juan Jos\u00e9 Viera, betont die Bedeutung dieser Feste f\u00fcr die Stadt. &#8222;Diese Feste sind viel mehr als das Befolgen einer Tradition, sie sind eine Gelegenheit, als Stadt zusammenzukommen, Momente zu teilen, unsere Wurzeln zu st\u00e4rken und uns als Teil von etwas Gemeinsamen zu f\u00fchlen&#8220;. Die Stadtr\u00e4tin bedankte sich auch bei den Anwohnern, die sich &#8222;aktiv an der Entwicklung dieser Feste beteiligen&#8220;.    <\/span><\/p>\n<p><span>Am Samstag, dem 5. Juli, findet ab 19.00 Uhr die Wallfahrt zu Ehren von San Benito Abad statt, die in diesem Jahr zu Ehren von Rafael Alonso Viera veranstaltet wird. Der Start erfolgt vor den Toren von Chilegua zum \u00f6ffentlichen Platz von La Pared, wo sich die Nachbarn mit ihren Festwagen und Trachten versammeln werden.   <\/span><\/p>\n<p><span>Zum Abschluss der Feierlichkeiten findet am Sonntag, den 6. Juli um 17.30 Uhr die feierliche religi\u00f6se Zeremonie zu Ehren von San Benito Abad statt, ein Akt voller Emotionen und Hingabe.  <\/span><\/p>\n<\/div>\n","protected":false},"excerpt":{"rendered":"<p><i>Vom 3. bis 6. Juli gibt es ein umfangreiches Festprogramm, das die Wurzeln der Stadt und ihrer Bewohner w\u00fcrdigt.  <\/i><\/p>\n","protected":false},"author":1,"featured_media":6050,"comment_status":"open","ping_status":"open","sticky":false,"template":"","format":"standard","meta":{"inline_featured_image":false,"jnews-multi-image_gallery":[],"jnews_single_post":[],"jnews_primary_category":[],"jnews_social_meta":[],"jnews_override_counter":[],"jnews_post_split":[],"footnotes":""},"categories":[297],"tags":[],"class_list":["post-6052","post","type-post","status-publish","format-standard","has-post-thumbnail","hentry","category-pajara-de"],"jetpack_featured_media_url":"https:\/\/informacionlocal.es\/wp-content\/uploads\/2025\/07\/la-pared-2025-scaled-1.jpg","_links":{"self":[{"href":"https:\/\/informacionlocal.es\/de\/wp-json\/wp\/v2\/posts\/6052","targetHints":{"allow":["GET"]}}],"collection":[{"href":"https:\/\/informacionlocal.es\/de\/wp-json\/wp\/v2\/posts"}],"about":[{"href":"https:\/\/informacionlocal.es\/de\/wp-json\/wp\/v2\/types\/post"}],"author":[{"embeddable":true,"href":"https:\/\/informacionlocal.es\/de\/wp-json\/wp\/v2\/users\/1"}],"replies":[{"embeddable":true,"href":"https:\/\/informacionlocal.es\/de\/wp-json\/wp\/v2\/comments?post=6052"}],"version-history":[{"count":0,"href":"https:\/\/informacionlocal.es\/de\/wp-json\/wp\/v2\/posts\/6052\/revisions"}],"wp:featuredmedia":[{"embeddable":true,"href":"https:\/\/informacionlocal.es\/de\/wp-json\/wp\/v2\/media\/6050"}],"wp:attachment":[{"href":"https:\/\/informacionlocal.es\/de\/wp-json\/wp\/v2\/media?parent=6052"}],"wp:term":[{"taxonomy":"category","embeddable":true,"href":"https:\/\/informacionlocal.es\/de\/wp-json\/wp\/v2\/categories?post=6052"},{"taxonomy":"post_tag","embeddable":true,"href":"https:\/\/informacionlocal.es\/de\/wp-json\/wp\/v2\/tags?post=6052"}],"curies":[{"name":"wp","href":"https:\/\/api.w.org\/{rel}","templated":true}]}}