{"id":6041,"date":"2025-07-04T23:20:56","date_gmt":"2025-07-04T23:20:56","guid":{"rendered":"https:\/\/informacionlocal.es\/la-oliva-wird-ein-pilotprojekt-fuer-einen-drohnendienst-zur-seenotrettung-an-den-kuesten-der-gemeinde-durchfuehren\/"},"modified":"2025-07-04T23:20:56","modified_gmt":"2025-07-04T23:20:56","slug":"la-oliva-wird-ein-pilotprojekt-fuer-einen-drohnendienst-zur-seenotrettung-an-den-kuesten-der-gemeinde-durchfuehren","status":"publish","type":"post","link":"https:\/\/informacionlocal.es\/de\/la-oliva-wird-ein-pilotprojekt-fuer-einen-drohnendienst-zur-seenotrettung-an-den-kuesten-der-gemeinde-durchfuehren\/","title":{"rendered":"La Oliva wird ein Pilotprojekt f\u00fcr einen Drohnendienst zur Seenotrettung an den K\u00fcsten der Gemeinde durchf\u00fchren."},"content":{"rendered":"<p>Das neue Pilotprojekt zur Seenotrettung mit Hilfe von Drohnen, das von der Abteilung f\u00fcr Notf\u00e4lle der Kanarischen Regierung in Zusammenarbeit mit der Stadtverwaltung von La Oliva gef\u00f6rdert wird, zielt darauf ab, das \u00dcberwachungs- und Pr\u00e4ventionsprogramm an der K\u00fcste der Gemeinde realisierbar zu machen. Die Initiative zielt darauf ab, die Sicherheit der Badeg\u00e4ste und der Nutzer der K\u00fcste zu erh\u00f6hen und das Management m\u00f6glicher Zwischenf\u00e4lle in der Meeresumwelt zu optimieren.   <\/p>\n<p>Der Dienst wird in seiner Anfangsphase verschiedene wichtige Funktionen f\u00fcr den Schutz der st\u00e4dtischen Str\u00e4nde abdecken, wie die \u00dcberwachung und den Schutz der K\u00fcste, mit Beobachtungen zur fr\u00fchzeitigen Erkennung von Problemstellen, gef\u00e4hrlichen Str\u00f6mungen, m\u00f6glicher Verschmutzung und sogar Quallenschw\u00e4rmen. Er wird auch die Rettungsschwimmer entscheidend unterst\u00fctzen, da das Personal des neuen Dienstes f\u00fcr die st\u00e4ndige Unterst\u00fctzung der \u00dcberwachungsarbeit von den Wacht\u00fcrmen aus zust\u00e4ndig sein wird, wodurch die Abdeckung und die Reaktionsf\u00e4higkeit in den Badegebieten optimiert werden. <\/p>\n<p>Es sei auch darauf hingewiesen, dass die Durchf\u00fchrung des Pilotprojekts eine aktive \u00dcberwachung der Sichtung von Meerestieren, die eine Gefahr f\u00fcr Badende darstellen oder Aufmerksamkeit erfordern, sowie die Ortung nicht identifizierter Objekte, die die Sicherheit der K\u00fcste gef\u00e4hrden oder eine Gefahr f\u00fcr die Meeresumwelt darstellen k\u00f6nnten, erm\u00f6glichen wird.  <\/p>\n<p>In diesem Sinne unterstreicht der B\u00fcrgermeister und Leiter des Amtes f\u00fcr \u00f6ffentliche Sicherheit von La Oliva, Isa\u00ed Blanco, die Bedeutung der Umsetzung dieses Pilotprogramms: &#8222;Dieses neue Projekt soll nicht nur den Rettungsdienst an unseren K\u00fcsten unterst\u00fctzen, sondern auch neue Funktionen wie die Erkennung von Konflikten oder die Lokalisierung von Verschmutzungselementen an unseren Str\u00e4nden bieten. Diese Initiative wird also in einer ersten Phase einen Dienst bieten, der die Sicherheit der Badeg\u00e4ste gew\u00e4hrleistet und gleichzeitig die nat\u00fcrliche Umwelt unserer Str\u00e4nde bewahrt&#8220;.<\/p>\n<p>Der kanarische Regionalminister f\u00fcr Territorialpolitik und Leiter der Abteilung f\u00fcr Notf\u00e4lle, Manuel Miranda, erkl\u00e4rte: &#8222;Dies ist ein klares Beispiel daf\u00fcr, wie technologische Innovation in den Dienst der Sicherheit, der Pr\u00e4vention und des Schutzes der Menschen gestellt werden kann und wie die Kanarischen Inseln weiterhin auf ein flexibleres, effizienteres und nachhaltigeres Verwaltungsmodell in allen ihren Gebieten, auch in den entlegensten, hinarbeiten&#8220;.  <\/p>\n<p>Die Pr\u00e4sidentin des Cabildo, Lola Garc\u00eda, betonte, &#8222;wie wichtig es ist, dass die Innovation immer im Dienste der Menschen, die hier leben, und unserer Umwelt steht. Aus diesem Grund sind wir vom Cabildo der Regierung der Kanarischen Inseln dankbar, dass sie in Abstimmung mit der Stadtverwaltung von La Oliva ein bahnbrechendes Projekt ins Leben gerufen hat, das nicht nur die \u00dcberwachung und Sicherheit an den K\u00fcsten verst\u00e4rken wird, sondern auch die Erkennung jeglicher Risiken, die unsere Umwelt und die biologische Vielfalt gef\u00e4hrden k\u00f6nnten&#8220;.  <\/p>\n<p>Garc\u00eda erinnerte daran, dass &#8222;Fuerteventura dank der vom Technologiepark gef\u00f6rderten Initiativen ein Ma\u00dfstab f\u00fcr die Nutzung der neuen Technologien im \u00f6ffentlichen Dienst ist, weshalb es immer eine gute Nachricht ist, dass diese Art von Projekten auf unserer Insel weitergef\u00fchrt wird&#8220;.<\/p>\n<p>Mit einer anf\u00e4nglichen Laufzeit von 12 Monaten wird der Dienst nicht nur den kommunalen Bedarf decken, sondern auch in der Lage sein, im Notfall Ressourcen in andere Gemeinden der Insel zu verlagern, um die Tragf\u00e4higkeit des innovativen Programms auf der Insel zu testen.<\/p>\n","protected":false},"excerpt":{"rendered":"<p><span>Das Konsistorium arbeitet mit der Regierung der Kanarischen Inseln zusammen, um in einer ersten Phase einen umfassenden Dienst zur \u00dcberwachung und Vorbeugung an kommunalen Str\u00e4nden anzubieten.<\/span><\/p>\n","protected":false},"author":1,"featured_media":6038,"comment_status":"open","ping_status":"open","sticky":false,"template":"","format":"standard","meta":{"inline_featured_image":false,"jnews-multi-image_gallery":[],"jnews_single_post":[],"jnews_primary_category":[],"jnews_social_meta":[],"jnews_override_counter":[],"jnews_post_split":[],"footnotes":""},"categories":[291],"tags":[304,216,196],"class_list":["post-6041","post","type-post","status-publish","format-standard","has-post-thumbnail","hentry","category-la-oliva-de","tag-emergencias","tag-fuerteventura-de","tag-gemeinden"],"jetpack_featured_media_url":"https:\/\/informacionlocal.es\/wp-content\/uploads\/2025\/07\/5221_b7c59c8b.png","_links":{"self":[{"href":"https:\/\/informacionlocal.es\/de\/wp-json\/wp\/v2\/posts\/6041","targetHints":{"allow":["GET"]}}],"collection":[{"href":"https:\/\/informacionlocal.es\/de\/wp-json\/wp\/v2\/posts"}],"about":[{"href":"https:\/\/informacionlocal.es\/de\/wp-json\/wp\/v2\/types\/post"}],"author":[{"embeddable":true,"href":"https:\/\/informacionlocal.es\/de\/wp-json\/wp\/v2\/users\/1"}],"replies":[{"embeddable":true,"href":"https:\/\/informacionlocal.es\/de\/wp-json\/wp\/v2\/comments?post=6041"}],"version-history":[{"count":0,"href":"https:\/\/informacionlocal.es\/de\/wp-json\/wp\/v2\/posts\/6041\/revisions"}],"wp:featuredmedia":[{"embeddable":true,"href":"https:\/\/informacionlocal.es\/de\/wp-json\/wp\/v2\/media\/6038"}],"wp:attachment":[{"href":"https:\/\/informacionlocal.es\/de\/wp-json\/wp\/v2\/media?parent=6041"}],"wp:term":[{"taxonomy":"category","embeddable":true,"href":"https:\/\/informacionlocal.es\/de\/wp-json\/wp\/v2\/categories?post=6041"},{"taxonomy":"post_tag","embeddable":true,"href":"https:\/\/informacionlocal.es\/de\/wp-json\/wp\/v2\/tags?post=6041"}],"curies":[{"name":"wp","href":"https:\/\/api.w.org\/{rel}","templated":true}]}}