{"id":6028,"date":"2025-07-04T22:02:31","date_gmt":"2025-07-04T22:02:31","guid":{"rendered":"https:\/\/informacionlocal.es\/antigua-verlaengert-anmeldefrist-und-plaetze-in-den-kultursommercamps\/"},"modified":"2025-07-04T22:02:31","modified_gmt":"2025-07-04T22:02:31","slug":"antigua-verlaengert-anmeldefrist-und-plaetze-in-den-kultursommercamps","status":"publish","type":"post","link":"https:\/\/informacionlocal.es\/de\/antigua-verlaengert-anmeldefrist-und-plaetze-in-den-kultursommercamps\/","title":{"rendered":"Antigua verl\u00e4ngert Anmeldefrist und Pl\u00e4tze in den Kultursommercamps"},"content":{"rendered":"<div class=\"elementor-widget-container\">\n<p><strong>Antigua verl\u00e4ngert Anmeldefrist und Pl\u00e4tze in den Kultursommercamps<\/strong><\/p>\n<p><strong>&#8211; Tanz, Musik, Theater und Literatur in den Sommer-Kulturcamps, die vom Rathaus von Antigua in den Zentren von Caleta de Fuste, Triquivijate, Valles de Ortega und Antigua jeweils vormittags von 09:00 bis 14:00 Uhr organisiert werden.<\/strong><br \/><strong>&#8211; Die Anmeldung ist kostenlos und erfolgt im Rathaus von Antigua, im B\u00fcro des B\u00fcrgermeisters von Caleta de Fuste oder online auf der Website www.ayto-antigua.es.<\/strong><br \/><strong>&#8211; Anmeldeschluss ist Montag, der 7. Juli, einschlie\u00dflich.<\/strong><\/p>\n<p>Laut B\u00fcrgermeister Mat\u00edas Pe\u00f1a Garc\u00eda organisiert die Stadtverwaltung von Antigua \u00fcber ihre Kulturabteilung diese bahnbrechende Initiative in der Gemeinde, die Creando Arte en Verano Cultural Camps, die die Kreativit\u00e4t und den k\u00fcnstlerischen Ausdruck von Kindern in Bereichen wie Tanz, Musik, Theater, Zirkus, Literatur, Kino und DJ-Workshops f\u00f6rdert.<\/p>\n<p>Diese kulturellen Sommercamps erg\u00e4nzen das Freizeitangebot f\u00fcr Kinder in der Gemeinde und tragen dazu bei, dass sie in den Ferien Beruf und Familie miteinander vereinbaren k\u00f6nnen, so der Stadtrat f\u00fcr Kultur, Jonathan Pe\u00f1a.<\/p>\n<p>Angesichts der gro\u00dfen Nachfrage beschloss der Stadtrat Jonathan Pe\u00f1a, die Altersgrenze f\u00fcr die Anmeldung von 7 auf 11 Jahre zu erh\u00f6hen und die Frist bis einschlie\u00dflich Montag, 7. Juli, zu verl\u00e4ngern.<\/p>\n<p>Die Anmeldung ist kostenlos und muss im Rathaus von Antigua, im B\u00fcrgermeisteramt von Caleta de Fuste oder online unter www.ayto-antigua.es erfolgen.<\/p>\n<p>Die Sommer-Kulturcamps finden im Juli vormittags von 09:00 bis 14:00 Uhr in den Kulturzentren von Caleta de Fuste vom 7. bis 11. Juli, in Triquivijate vom 14. bis 18. Juli, in Valles de Ortega vom 21. bis 25. Juli und in der Stadtbibliothek von Antigua vom 28. Juli bis 1. August statt.<\/p>\n<\/p>\n<\/div>\n","protected":false},"excerpt":{"rendered":"<p><strong>Antigua verl\u00e4ngert Anmeldefrist und Pl\u00e4tze in den Kultursommercamps<\/strong><\/p>\n","protected":false},"author":1,"featured_media":6026,"comment_status":"open","ping_status":"open","sticky":false,"template":"","format":"standard","meta":{"inline_featured_image":false,"jnews-multi-image_gallery":[],"jnews_single_post":[],"jnews_primary_category":[],"jnews_social_meta":[],"jnews_override_counter":[],"jnews_post_split":[],"footnotes":""},"categories":[283],"tags":[],"class_list":["post-6028","post","type-post","status-publish","format-standard","has-post-thumbnail","hentry","category-antigua-de"],"jetpack_featured_media_url":"https:\/\/informacionlocal.es\/wp-content\/uploads\/2025\/07\/514919796_122159092274587942_1746373883774667769_n.jpg","_links":{"self":[{"href":"https:\/\/informacionlocal.es\/de\/wp-json\/wp\/v2\/posts\/6028","targetHints":{"allow":["GET"]}}],"collection":[{"href":"https:\/\/informacionlocal.es\/de\/wp-json\/wp\/v2\/posts"}],"about":[{"href":"https:\/\/informacionlocal.es\/de\/wp-json\/wp\/v2\/types\/post"}],"author":[{"embeddable":true,"href":"https:\/\/informacionlocal.es\/de\/wp-json\/wp\/v2\/users\/1"}],"replies":[{"embeddable":true,"href":"https:\/\/informacionlocal.es\/de\/wp-json\/wp\/v2\/comments?post=6028"}],"version-history":[{"count":0,"href":"https:\/\/informacionlocal.es\/de\/wp-json\/wp\/v2\/posts\/6028\/revisions"}],"wp:featuredmedia":[{"embeddable":true,"href":"https:\/\/informacionlocal.es\/de\/wp-json\/wp\/v2\/media\/6026"}],"wp:attachment":[{"href":"https:\/\/informacionlocal.es\/de\/wp-json\/wp\/v2\/media?parent=6028"}],"wp:term":[{"taxonomy":"category","embeddable":true,"href":"https:\/\/informacionlocal.es\/de\/wp-json\/wp\/v2\/categories?post=6028"},{"taxonomy":"post_tag","embeddable":true,"href":"https:\/\/informacionlocal.es\/de\/wp-json\/wp\/v2\/tags?post=6028"}],"curies":[{"name":"wp","href":"https:\/\/api.w.org\/{rel}","templated":true}]}}