{"id":5998,"date":"2025-07-04T19:58:22","date_gmt":"2025-07-04T19:58:22","guid":{"rendered":"https:\/\/informacionlocal.es\/das-rathaus-von-pajara-feiert-die-feierlichkeiten-zu-ehren-von-nuestra-senora-del-carmen-2025-in-morro-jable\/"},"modified":"2025-07-04T19:58:22","modified_gmt":"2025-07-04T19:58:22","slug":"das-rathaus-von-pajara-feiert-die-feierlichkeiten-zu-ehren-von-nuestra-senora-del-carmen-2025-in-morro-jable","status":"publish","type":"post","link":"https:\/\/informacionlocal.es\/de\/das-rathaus-von-pajara-feiert-die-feierlichkeiten-zu-ehren-von-nuestra-senora-del-carmen-2025-in-morro-jable\/","title":{"rendered":"Das Rathaus von P\u00e1jara feiert die Feierlichkeiten zu Ehren von Nuestra Se\u00f1ora del Carmen 2025 in Morro Jable"},"content":{"rendered":"<div class=\"entry-content\">\n<p><b><i>Vom 4. bis 16. Juli finden in der K\u00fcstenstadt zahlreiche Aktivit\u00e4ten f\u00fcr alle Altersgruppen statt, darunter Stra\u00dfenfeste, Wallfahrten und Musikveranstaltungen.<\/i><\/b><\/p>\n<p><span>Das Rathaus von P\u00e1jara stellt das Programm f\u00fcr die Feierlichkeiten zu Ehren von Nuestra Se\u00f1ora del Carmen 2025 vor, die vom 4. bis 16. Juli in Morro Jable stattfinden werden. Ein umfangreicher Veranstaltungskalender, der Seefahrertradition, lokale Kultur und Auff\u00fchrungen f\u00fcr jedes Publikum vereint.   <\/span><\/p>\n<p><span>Die Feierlichkeiten beginnen am morgigen Freitag, dem 4. Juli, mit der Er\u00f6ffnungsrede von Jerem\u00edas de Le\u00f3n, einer emblematischen Pers\u00f6nlichkeit, die mit dem Meer und der lokalen Geschichte verbunden ist, gefolgt von einer Hommage an Joaqu\u00edn Sabina und Live-Musik von den Bands Los 600 und Sin Filtro.  <\/span><\/p>\n<p><span>Im Laufe der Tage k\u00f6nnen Sie eine Vielzahl von Aktivit\u00e4ten genie\u00dfen, vom Sommerfest am Strand von Morro Jable, dem traditionellen &#8222;Calado&#8220;, der Wallfahrt, T\u00e4nzen unter freiem Himmel, Brettspielen, thematischen Shows wie der Mexikanischen Nacht und der Hommage &#8222;Forever Selena&#8220; bis hin zu sportlichen und kulturellen Veranstaltungen wie der kanarischen Ringkampf-Ausstellung oder dem Schachspiel.  <\/span><\/p>\n<p><span>Der Stadtrat f\u00fcr Festlichkeiten, Juan Jos\u00e9 Viera, unterstreicht, wie wichtig es ist, mit diesen Festen das Wesen von Morro Jable lebendig zu halten. &#8222;Diese Feste spiegeln die Seele unserer Stadt wider, in der Tradition, Musik und Zusammenleben Hand in Hand gehen, damit Einwohner und Besucher eine einzigartige Atmosph\u00e4re genie\u00dfen k\u00f6nnen&#8220;, sagt er.   <\/span><\/p>\n<p><span>Der B\u00fcrgermeister von P\u00e1jara, Alejandro Jorge, unterstreicht seinerseits das Engagement der Gemeinde f\u00fcr &#8222;unsere Br\u00e4uche und Traditionen&#8220;. &#8222;Die Fiestas del Carmen sind eine Gelegenheit, unsere Identit\u00e4t zu st\u00e4rken und unsere Wurzeln in der Seefahrt zu feiern&#8220;. Der B\u00fcrgermeister l\u00e4dt alle B\u00fcrger und Besucher ein, sich aktiv an den einzelnen Aktivit\u00e4ten zu beteiligen.    <\/span><\/p>\n<p><span>Zu den herausragenden Ereignissen geh\u00f6rt das Konzert des S\u00e4ngers Beret, eines der bekanntesten K\u00fcnstler der aktuellen Musikszene, am Dienstag, den 15. Juli um 21.30 Uhr, das die Plaza de Los Pescadores in Morro Jable mit Emotionen erf\u00fcllen wird. Nach dem Konzert wird das Festival mit Auftritten der Gruppe Nuevo Klan und den Orchestern Grupos Bomba und New Sabrosa Band fortgesetzt.   <\/span><\/p>\n<p><span>Den Abschluss der Feierlichkeiten bilden am Mittwoch, den 16. Juli, die traditionelle Diana Floreada mit der Musikkapelle von Agaete, die feierliche religi\u00f6se Zeremonie und die Prozession zu Ehren von Nuestra Se\u00f1ora del Carmen, die von der Stadtkapelle von P\u00e1jara begleitet wird, sowie die maritime Prozession, die mit verschiedenen musikalischen Darbietungen endet.  <\/span><\/p>\n<\/div>\n","protected":false},"excerpt":{"rendered":"<p><i>Vom 4. bis 16. Juli finden in der K\u00fcstenstadt zahlreiche Aktivit\u00e4ten f\u00fcr alle Altersgruppen statt, darunter Stra\u00dfenfeste, Wallfahrten und Musikveranstaltungen.<\/i><\/p>\n","protected":false},"author":1,"featured_media":5994,"comment_status":"open","ping_status":"open","sticky":false,"template":"","format":"standard","meta":{"inline_featured_image":false,"jnews-multi-image_gallery":[],"jnews_single_post":[],"jnews_primary_category":[],"jnews_social_meta":[],"jnews_override_counter":[],"jnews_post_split":[],"footnotes":""},"categories":[297],"tags":[303],"class_list":["post-5998","post","type-post","status-publish","format-standard","has-post-thumbnail","hentry","category-pajara-de","tag-eventos-de"],"jetpack_featured_media_url":"https:\/\/informacionlocal.es\/wp-content\/uploads\/2025\/07\/cartel-fiestas-el-carmen-2025-scaled-1.jpg","_links":{"self":[{"href":"https:\/\/informacionlocal.es\/de\/wp-json\/wp\/v2\/posts\/5998","targetHints":{"allow":["GET"]}}],"collection":[{"href":"https:\/\/informacionlocal.es\/de\/wp-json\/wp\/v2\/posts"}],"about":[{"href":"https:\/\/informacionlocal.es\/de\/wp-json\/wp\/v2\/types\/post"}],"author":[{"embeddable":true,"href":"https:\/\/informacionlocal.es\/de\/wp-json\/wp\/v2\/users\/1"}],"replies":[{"embeddable":true,"href":"https:\/\/informacionlocal.es\/de\/wp-json\/wp\/v2\/comments?post=5998"}],"version-history":[{"count":0,"href":"https:\/\/informacionlocal.es\/de\/wp-json\/wp\/v2\/posts\/5998\/revisions"}],"wp:featuredmedia":[{"embeddable":true,"href":"https:\/\/informacionlocal.es\/de\/wp-json\/wp\/v2\/media\/5994"}],"wp:attachment":[{"href":"https:\/\/informacionlocal.es\/de\/wp-json\/wp\/v2\/media?parent=5998"}],"wp:term":[{"taxonomy":"category","embeddable":true,"href":"https:\/\/informacionlocal.es\/de\/wp-json\/wp\/v2\/categories?post=5998"},{"taxonomy":"post_tag","embeddable":true,"href":"https:\/\/informacionlocal.es\/de\/wp-json\/wp\/v2\/tags?post=5998"}],"curies":[{"name":"wp","href":"https:\/\/api.w.org\/{rel}","templated":true}]}}