{"id":5985,"date":"2025-07-04T19:13:04","date_gmt":"2025-07-04T19:13:04","guid":{"rendered":"https:\/\/informacionlocal.es\/corralejo-ist-gastgeber-der-12-ausgabe-des-handball-technification-campus\/"},"modified":"2025-07-04T19:13:04","modified_gmt":"2025-07-04T19:13:04","slug":"corralejo-ist-gastgeber-der-12-ausgabe-des-handball-technification-campus","status":"publish","type":"post","link":"https:\/\/informacionlocal.es\/de\/corralejo-ist-gastgeber-der-12-ausgabe-des-handball-technification-campus\/","title":{"rendered":"Corralejo ist Gastgeber der 12. Ausgabe des Handball Technification Campus"},"content":{"rendered":"<p>Die Stadtverwaltung von La Oliva, durch die Sportabteilung, geleitet von Gleiber Carre\u00f1o, zusammen mit dem Caima Handball Club und dem Cabildo Insular de Fuerteventura pr\u00e4sentieren die 12. Mehr als 80 Kinder aus Fuerteventura, Teneriffa, Gran Canaria, Lanzarote und dem spanischen Festland werden im st\u00e4dtischen Pavillon Jos\u00e9 Perdomo Umpi\u00e9rrez in der n\u00f6rdlichen Stadt an den sportlichen Aktivit\u00e4ten teilnehmen und die Technisierung dieser Sportart erleben. <\/p>\n<p>Au\u00dferdem werden die Jungen und M\u00e4dchen nicht nur Handball lernen, sondern auch Aktivit\u00e4ten in der st\u00e4dtischen Nautikschule und Freizeitaktivit\u00e4ten im Acua-Wasserpark in Corralejo haben. Renommierte Trainer wie Carlos Herrera von Remudas Rocasa Gran Canaria, Juan Miguel P\u00e9rez von Zonzamas Lanzarote, Jose Ignacio Prades von der spanischen Handballnationalmannschaft, Jota Gonz\u00e1lez von Benfica und \u00d3scar Perales von Inclusport Valladolid werden auf dem Campus anwesend sein. <\/p>\n<p>Der B\u00fcrgermeister von La Oliva, Isa\u00ed Blanco, unterstreicht die Notwendigkeit, diese Art von Initiative weiterhin zu unterst\u00fctzen: &#8222;Die F\u00f6rderung sportlicher Aktivit\u00e4ten ist f\u00fcr Kinder lebenswichtig, insbesondere w\u00e4hrend der Sommersaison, da viele Kinder zu dieser Zeit am Ende der Schulsaison mit dem Sport aufh\u00f6ren. Au\u00dferdem k\u00f6nnen sie auf diesem Campus ihre Technik in dieser Sportart weiterentwickeln&#8220;.  <\/p>\n<p>Die Stadtr\u00e4tin f\u00fcr Sport, Gleiber Carre\u00f1o, unterstreicht: &#8222;Wir f\u00f6rdern weiterhin den Sport f\u00fcr Jungen und M\u00e4dchen innerhalb und au\u00dferhalb der Insel durch die Zusammenarbeit mit dem Caima Handball Club, der mit seiner 12.<\/p>\n<p>Der Stadtrat f\u00fcr Sport, Luiso Gonz\u00e1lez, sagte seinerseits: &#8222;Es ist wichtig, diese Art von Initiative zu unterst\u00fctzen, die es uns erm\u00f6glicht, die technische Ausbildung auf die Insel zu bringen und einen Sport wie den Handball auf der Insel weiter zu f\u00f6rdern.<\/p>\n","protected":false},"excerpt":{"rendered":"<p><span>Der Sport kann vom 29. Juni bis zum 4. Juli im st\u00e4dtischen Pavillon Jos\u00e9 Perdomo Umpi\u00e9rrez im Norden der Stadt ausge\u00fcbt werden.<\/span><\/p>\n","protected":false},"author":1,"featured_media":5982,"comment_status":"open","ping_status":"open","sticky":false,"template":"","format":"standard","meta":{"inline_featured_image":false,"jnews-multi-image_gallery":[],"jnews_single_post":[],"jnews_primary_category":[],"jnews_social_meta":[],"jnews_override_counter":[],"jnews_post_split":[],"footnotes":""},"categories":[291],"tags":[216,343],"class_list":["post-5985","post","type-post","status-publish","format-standard","has-post-thumbnail","hentry","category-la-oliva-de","tag-fuerteventura-de","tag-sport-de"],"jetpack_featured_media_url":"https:\/\/informacionlocal.es\/wp-content\/uploads\/2025\/07\/5218_31d825ba.png","_links":{"self":[{"href":"https:\/\/informacionlocal.es\/de\/wp-json\/wp\/v2\/posts\/5985","targetHints":{"allow":["GET"]}}],"collection":[{"href":"https:\/\/informacionlocal.es\/de\/wp-json\/wp\/v2\/posts"}],"about":[{"href":"https:\/\/informacionlocal.es\/de\/wp-json\/wp\/v2\/types\/post"}],"author":[{"embeddable":true,"href":"https:\/\/informacionlocal.es\/de\/wp-json\/wp\/v2\/users\/1"}],"replies":[{"embeddable":true,"href":"https:\/\/informacionlocal.es\/de\/wp-json\/wp\/v2\/comments?post=5985"}],"version-history":[{"count":0,"href":"https:\/\/informacionlocal.es\/de\/wp-json\/wp\/v2\/posts\/5985\/revisions"}],"wp:featuredmedia":[{"embeddable":true,"href":"https:\/\/informacionlocal.es\/de\/wp-json\/wp\/v2\/media\/5982"}],"wp:attachment":[{"href":"https:\/\/informacionlocal.es\/de\/wp-json\/wp\/v2\/media?parent=5985"}],"wp:term":[{"taxonomy":"category","embeddable":true,"href":"https:\/\/informacionlocal.es\/de\/wp-json\/wp\/v2\/categories?post=5985"},{"taxonomy":"post_tag","embeddable":true,"href":"https:\/\/informacionlocal.es\/de\/wp-json\/wp\/v2\/tags?post=5985"}],"curies":[{"name":"wp","href":"https:\/\/api.w.org\/{rel}","templated":true}]}}