{"id":5973,"date":"2025-07-04T18:07:57","date_gmt":"2025-07-04T18:07:57","guid":{"rendered":"https:\/\/informacionlocal.es\/die-eroeffnungsrede-der-familie-herrera-dominguez-gibt-den-startschuss-fuer-die-fiestas-in-las-salinas\/"},"modified":"2025-07-04T18:07:57","modified_gmt":"2025-07-04T18:07:57","slug":"die-eroeffnungsrede-der-familie-herrera-dominguez-gibt-den-startschuss-fuer-die-fiestas-in-las-salinas","status":"publish","type":"post","link":"https:\/\/informacionlocal.es\/de\/die-eroeffnungsrede-der-familie-herrera-dominguez-gibt-den-startschuss-fuer-die-fiestas-in-las-salinas\/","title":{"rendered":"Die Er\u00f6ffnungsrede der Familie Herrera Dom\u00ednguez gibt den Startschuss f\u00fcr die Fiestas in Las Salinas"},"content":{"rendered":"<div class=\"elementor-widget-container\">\n<p><strong>Die Er\u00f6ffnungsrede der Familie Herrera Dom\u00ednguez gibt den Startschuss f\u00fcr die Fiestas in Las Salinas<\/strong><\/p>\n<p><strong>&#8211; Ein beliebter Trinkspruch f\u00fcr alle Anwesenden und Auftritte von Paco Salinas und Laly Lean runden den Beginn der Fiestas am Freitag, den 4. Juli ab 20:30 Uhr ab.  <\/strong><br \/><strong>&#8211; Traditioneller Angelwettbewerb am Samstag, den 5. Juli, gefolgt von einer Trolling-Demonstration und einem Topf-Workshop.  <\/strong><br \/><strong>&#8211; An diesem Samstagabend stehen auf der B\u00fchne die Mariachis, Nuevo Klan und Gente Nueva.<\/strong><br \/><strong>&#8211; Am Sonntag, dem 6. Juli, sind die Kinder die Stars des Vormittags und Nachmittags mit einem Kinderfest, aufblasbaren Spielger\u00e4ten, Essen, Musik, Workshops und Spielen.<\/strong><\/p>\n<p>Das Rathaus von Antigua pr\u00e4sentiert \u00fcber die Abteilung f\u00fcr Feste und das Komitee Nuestra Se\u00f1ora del Carmen ein umfangreiches Programm mit Konzerten, T\u00e4nzen unter freiem Himmel, Spielen, Wettbewerben und Handwerks-Workshops, so B\u00fcrgermeister Mat\u00edas Pe\u00f1a Garc\u00eda, Auff\u00fchrungen und Veranstaltungen, die alle Nachbarn und Freunde von Las Salinas zusammenbringen sollen.<\/p>\n<p>Die Familie Herrera Dom\u00ednguez ist die Hauptperson bei der Er\u00f6ffnung der Fiestas de Las Salinas an diesem Freitag, mit einer Proklamation von Erinnerungen und Traditionen, gefolgt von einem volkst\u00fcmlichen Trinkspruch, der durch die Auftritte von Paco Salinas und Laly Jean belebt wird.<\/p>\n<p>Pedro M. Armas Mart\u00edn, der Stadtrat f\u00fcr Festlichkeiten, f\u00fcgt hinzu, dass am Samstag, dem 5. Juli, auch der traditionelle Angelwettbewerb stattfindet, gefolgt von einer Trolling-Vorf\u00fchrung und einem Topf-Workshop sowie dem Dessert-Wettbewerb der Nachbarschaft in der n\u00e4chsten Woche.<\/p>\n<p>Die B\u00fchne begr\u00fc\u00dft diese Samstagnacht ab 22:00 Uhr die Mariachis, Nuevo Klan um 00:00 Uhr und Gente Nueva um 02:00 Uhr und erinnert den Stadtrat daran, dass es keinen besseren Weg gibt, sich zu am\u00fcsieren, als auf eine verantwortungsvolle Art und Weise und weist darauf hin, dass w\u00e4hrend der Hauptn\u00e4chte und in den fr\u00fchen Morgenstunden ein spezieller Taxidienst zur Verf\u00fcgung stehen wird.<\/p>\n<p>W\u00e4hrend der Feierlichkeiten stehen fast t\u00e4glich kostenlose Handwerksworkshops f\u00fcr alle Altersgruppen auf dem Programm, die von Keramikmosaiken \u00fcber Makramee bis hin zu Lederarbeiten und Mikro-Makramee reichen.<\/p>\n<p>An beiden Wochenenden findet ab 11.00 Uhr ein Flohmarkt f\u00fcr jeden Geschmack statt, der am Sonntag, dem 6. Juli, durch das Kinderfest ab 12.00 Uhr mit einem Mittagessen f\u00fcr die Kleinsten um 14.00 Uhr und anschlie\u00dfenden Workshops und lustiger Musik erg\u00e4nzt wird.<\/p>\n<\/div>\n","protected":false},"excerpt":{"rendered":"<p><strong>Die Er\u00f6ffnungsrede der Familie Herrera Dom\u00ednguez gibt den Startschuss f\u00fcr die Fiestas in Las Salinas<\/strong><\/p>\n","protected":false},"author":1,"featured_media":5970,"comment_status":"open","ping_status":"open","sticky":false,"template":"","format":"standard","meta":{"inline_featured_image":false,"jnews-multi-image_gallery":[],"jnews_single_post":[],"jnews_primary_category":[],"jnews_social_meta":[],"jnews_override_counter":[],"jnews_post_split":[],"footnotes":""},"categories":[283],"tags":[],"class_list":["post-5973","post","type-post","status-publish","format-standard","has-post-thumbnail","hentry","category-antigua-de"],"jetpack_featured_media_url":"https:\/\/informacionlocal.es\/wp-content\/uploads\/2025\/07\/ayuntamiento-de-antigua-y-comision-las-salinas-ofrecen-un-magnifico-programa-de-fiestas-1-scaled-1.jpg","_links":{"self":[{"href":"https:\/\/informacionlocal.es\/de\/wp-json\/wp\/v2\/posts\/5973","targetHints":{"allow":["GET"]}}],"collection":[{"href":"https:\/\/informacionlocal.es\/de\/wp-json\/wp\/v2\/posts"}],"about":[{"href":"https:\/\/informacionlocal.es\/de\/wp-json\/wp\/v2\/types\/post"}],"author":[{"embeddable":true,"href":"https:\/\/informacionlocal.es\/de\/wp-json\/wp\/v2\/users\/1"}],"replies":[{"embeddable":true,"href":"https:\/\/informacionlocal.es\/de\/wp-json\/wp\/v2\/comments?post=5973"}],"version-history":[{"count":0,"href":"https:\/\/informacionlocal.es\/de\/wp-json\/wp\/v2\/posts\/5973\/revisions"}],"wp:featuredmedia":[{"embeddable":true,"href":"https:\/\/informacionlocal.es\/de\/wp-json\/wp\/v2\/media\/5970"}],"wp:attachment":[{"href":"https:\/\/informacionlocal.es\/de\/wp-json\/wp\/v2\/media?parent=5973"}],"wp:term":[{"taxonomy":"category","embeddable":true,"href":"https:\/\/informacionlocal.es\/de\/wp-json\/wp\/v2\/categories?post=5973"},{"taxonomy":"post_tag","embeddable":true,"href":"https:\/\/informacionlocal.es\/de\/wp-json\/wp\/v2\/tags?post=5973"}],"curies":[{"name":"wp","href":"https:\/\/api.w.org\/{rel}","templated":true}]}}