{"id":5929,"date":"2025-07-04T15:59:14","date_gmt":"2025-07-04T15:59:14","guid":{"rendered":"https:\/\/informacionlocal.es\/pajara-bekraeftigt-sein-engagement-fuer-die-gleichstellung-und-lanciert-sechs-lila-punkte\/"},"modified":"2025-07-04T15:59:14","modified_gmt":"2025-07-04T15:59:14","slug":"pajara-bekraeftigt-sein-engagement-fuer-die-gleichstellung-und-lanciert-sechs-lila-punkte","status":"publish","type":"post","link":"https:\/\/informacionlocal.es\/de\/pajara-bekraeftigt-sein-engagement-fuer-die-gleichstellung-und-lanciert-sechs-lila-punkte\/","title":{"rendered":"P\u00e1jara bekr\u00e4ftigt sein Engagement f\u00fcr die Gleichstellung und lanciert sechs lila Punkte"},"content":{"rendered":"<div class=\"entry-content\">\n<p><b><i>Die Initiative, die Teil des Staatlichen Pakts gegen geschlechtsspezifische Gewalt ist, bietet Betreuung und Sensibilisierung bei lokalen Veranstaltungen.  <\/i><\/b><\/p>\n<p><span>Die Stadtverwaltung von P\u00e1jara wird \u00fcber das Sozialamt und in Zusammenarbeit mit der F\u00f6deration der Frauenvereinigungen Arena y Laurisilva in den kommenden Monaten sechs Violet Points in verschiedenen Gebieten der Gemeinde einrichten.  <\/span><\/p>\n<p><span>Diese Initiative ist Teil des institutionellen Engagements f\u00fcr die Gleichstellung und die Beseitigung der geschlechtsspezifischen Gewalt. Sie wird aus dem staatlichen Pakt gegen geschlechtsspezifische Gewalt und aus Eigenmitteln der Stadtverwaltung finanziert.   <\/span><\/p>\n<p><span>Die Violet Points sind sichere Orte, die der Pr\u00e4vention, Sensibilisierung und Begleitung von Menschen dienen, die in Situationen geschlechtsspezifischer Gewalt geraten k\u00f6nnen. Sie werden bei sechs Veranstaltungen in verschiedenen Stadtzentren pr\u00e4sent sein und allen, die es brauchen, Informationen, Betreuung und Weiterleitung anbieten.   <\/span><\/p>\n<p><span>Im Rahmen der von der Stadtverwaltung gef\u00f6rderten Ma\u00dfnahmen zur Sensibilisierung und St\u00e4rkung der Frauen gibt es au\u00dferdem das Projekt &#8222;Women of the Sea&#8220;, ein Workshop, der sich an Frauen in der Gemeinde richtet. Wer daran teilnehmen m\u00f6chte, kann sich telefonisch oder per WhatsApp unter 628763838 von 7:30 bis 13:30 Uhr anmelden oder eine E-Mail an folgende Adresse schicken   <\/span><span>serviciossociales@pajara.es<\/span><span>. Die Anmeldefrist l\u00e4uft bis Montag, den 7. Juli um 12:00 Uhr.  <\/span><\/p>\n<p><span>Die Stadtr\u00e4tin f\u00fcr soziale Dienste, Kathaisa Rodr\u00edguez, bekr\u00e4ftigt die Umsetzung dieser Ma\u00dfnahmen als &#8222;einen festen Schritt in Richtung einer sichereren, gleichberechtigteren und gewaltfreien Gemeinde&#8220;. Sie betont auch, dass &#8222;wir wollen, dass jeder festliche Raum und jede Ecke unserer St\u00e4dte ein Ort ist, an dem sich alle Frauen gesch\u00fctzt und angeh\u00f6rt f\u00fchlen&#8220;.   <\/span><\/p>\n<p><span>Der B\u00fcrgermeister von P\u00e1jara, Alejandro Jorge, betonte seinerseits, dass &#8222;echte Gleichheit durch Handeln entsteht&#8220;. Er erkl\u00e4rt auch, dass wir uns mit dieser Initiative &#8222;auf eine Gesellschaft zubewegen, in der die Rechte aller geachtet werden. Dies ist eine politische und soziale Priorit\u00e4t des Rathauses&#8220;.   <\/span><\/p>\n<p><span>In diesem Sinne bedankt sich das Konsistorium f\u00fcr die Zusammenarbeit und Koordination mit der Abteilung f\u00fcr Kultur und der Abteilung f\u00fcr Feste, die f\u00fcr die Planung und Integration der Violet Points in den Kalender der beliebtesten Veranstaltungen der Gemeinde von grundlegender Bedeutung waren.  <\/span><\/p>\n<\/div>\n","protected":false},"excerpt":{"rendered":"<p><i>Die Initiative, die Teil des Staatlichen Pakts gegen geschlechtsspezifische Gewalt ist, bietet Betreuung und Sensibilisierung bei lokalen Veranstaltungen.  <\/i><\/p>\n","protected":false},"author":1,"featured_media":5926,"comment_status":"open","ping_status":"open","sticky":false,"template":"","format":"standard","meta":{"inline_featured_image":false,"jnews-multi-image_gallery":[],"jnews_single_post":[],"jnews_primary_category":[],"jnews_social_meta":[],"jnews_override_counter":[],"jnews_post_split":[],"footnotes":""},"categories":[297],"tags":[303,213],"class_list":["post-5929","post","type-post","status-publish","format-standard","has-post-thumbnail","hentry","category-pajara-de","tag-eventos-de","tag-integration-de"],"jetpack_featured_media_url":"https:\/\/informacionlocal.es\/wp-content\/uploads\/2025\/07\/puntos-violetas-e1751612832643.jpg","_links":{"self":[{"href":"https:\/\/informacionlocal.es\/de\/wp-json\/wp\/v2\/posts\/5929","targetHints":{"allow":["GET"]}}],"collection":[{"href":"https:\/\/informacionlocal.es\/de\/wp-json\/wp\/v2\/posts"}],"about":[{"href":"https:\/\/informacionlocal.es\/de\/wp-json\/wp\/v2\/types\/post"}],"author":[{"embeddable":true,"href":"https:\/\/informacionlocal.es\/de\/wp-json\/wp\/v2\/users\/1"}],"replies":[{"embeddable":true,"href":"https:\/\/informacionlocal.es\/de\/wp-json\/wp\/v2\/comments?post=5929"}],"version-history":[{"count":0,"href":"https:\/\/informacionlocal.es\/de\/wp-json\/wp\/v2\/posts\/5929\/revisions"}],"wp:featuredmedia":[{"embeddable":true,"href":"https:\/\/informacionlocal.es\/de\/wp-json\/wp\/v2\/media\/5926"}],"wp:attachment":[{"href":"https:\/\/informacionlocal.es\/de\/wp-json\/wp\/v2\/media?parent=5929"}],"wp:term":[{"taxonomy":"category","embeddable":true,"href":"https:\/\/informacionlocal.es\/de\/wp-json\/wp\/v2\/categories?post=5929"},{"taxonomy":"post_tag","embeddable":true,"href":"https:\/\/informacionlocal.es\/de\/wp-json\/wp\/v2\/tags?post=5929"}],"curies":[{"name":"wp","href":"https:\/\/api.w.org\/{rel}","templated":true}]}}