{"id":5917,"date":"2025-07-04T15:01:25","date_gmt":"2025-07-04T15:01:25","guid":{"rendered":"https:\/\/informacionlocal.es\/la-oliva-feiert-den-lgtbiq-pride-2025-mit-der-enthuellung-eines-staedtischen-regenbogenelements-in-villaverde\/"},"modified":"2025-07-04T15:01:25","modified_gmt":"2025-07-04T15:01:25","slug":"la-oliva-feiert-den-lgtbiq-pride-2025-mit-der-enthuellung-eines-staedtischen-regenbogenelements-in-villaverde","status":"publish","type":"post","link":"https:\/\/informacionlocal.es\/de\/la-oliva-feiert-den-lgtbiq-pride-2025-mit-der-enthuellung-eines-staedtischen-regenbogenelements-in-villaverde\/","title":{"rendered":"La Oliva feiert den LGTBIQ+ Pride 2025 mit der Enth\u00fcllung eines st\u00e4dtischen Regenbogenelements in Villaverde"},"content":{"rendered":"<p>Die Stadtverwaltung von La Oliva, durch die Abteilung f\u00fcr soziale Dienste, unter der Leitung von Joana P\u00e9rez Carre\u00f1o, und mit der Zusammenarbeit von ALTIHAY Fuerteventura, feiert LGTBIQ+ Pride mit der Einweihung eines st\u00e4dtischen Elements in den Regenbogenfarben der Flagge des Kollektivs gef\u00e4rbt. In diesem Jahr wird der LGTBIQ+ PRIDE anl\u00e4sslich des 20-j\u00e4hrigen Jubil\u00e4ums der Anerkennung der gleichberechtigten Ehe und der 20-j\u00e4hrigen Fortschritte bei den Rechten in allen St\u00e4dten der Kanarischen Inseln &#8211; Spanien &#8211; unter dem Motto &#8222;Proud to be LGTBI+ beyond the big cities&#8220; gefeiert. <\/p>\n<p>Unter dieser Pr\u00e4misse soll die affektiv-sexuelle und geschlechtliche Vielfalt \u00fcber die Gro\u00dfst\u00e4dte hinaus sichtbar gemacht werden. Daher wurde das Dorf Villaverde ausgew\u00e4hlt, um eine Botschaft des Stolzes, der Integration und des Respekts in der Gemeinde La Oliva zu vermitteln.  <\/p>\n<p>Die Stadtr\u00e4tin f\u00fcr Soziales, Joana P\u00e9rez Carre\u00f1o, betonte: &#8222;Diese symbolische Geste spiegelt unser Engagement f\u00fcr die Gleichheit und das Recht aller Menschen wider, ihre affektiv-sexuelle Orientierung und\/oder Geschlechtsidentit\u00e4t frei zu leben&#8220;.  <\/p>\n<p>Diese Aktion ist eine Antwort auf die Verpflichtung der lokalen Regierung, nicht nur den LGTBIQ+ Stolzmonat zu feiern, sondern auch die Sichtbarkeit des Kollektivs in der Gesellschaft zu f\u00f6rdern.<\/p>\n","protected":false},"excerpt":{"rendered":"<p><span>Das Konsistorium unterst\u00fctzt die Initiative, die unter dem Motto &#8222;Proud to be LGTBI+ beyond the big cities&#8220; (Stolz, LGTBI+ zu sein, jenseits der gro\u00dfen St\u00e4dte) in allen St\u00e4dten der Kanarischen Inseln &#8211; Spanien &#8211; gefeiert wird.<\/span><\/p>\n","protected":false},"author":1,"featured_media":5914,"comment_status":"open","ping_status":"open","sticky":false,"template":"","format":"standard","meta":{"inline_featured_image":false,"jnews-multi-image_gallery":[],"jnews_single_post":[],"jnews_primary_category":[],"jnews_social_meta":[],"jnews_override_counter":[],"jnews_post_split":[],"footnotes":""},"categories":[291],"tags":[216],"class_list":["post-5917","post","type-post","status-publish","format-standard","has-post-thumbnail","hentry","category-la-oliva-de","tag-fuerteventura-de"],"jetpack_featured_media_url":"https:\/\/informacionlocal.es\/wp-content\/uploads\/2025\/07\/5219_a61c1ea1.png","_links":{"self":[{"href":"https:\/\/informacionlocal.es\/de\/wp-json\/wp\/v2\/posts\/5917","targetHints":{"allow":["GET"]}}],"collection":[{"href":"https:\/\/informacionlocal.es\/de\/wp-json\/wp\/v2\/posts"}],"about":[{"href":"https:\/\/informacionlocal.es\/de\/wp-json\/wp\/v2\/types\/post"}],"author":[{"embeddable":true,"href":"https:\/\/informacionlocal.es\/de\/wp-json\/wp\/v2\/users\/1"}],"replies":[{"embeddable":true,"href":"https:\/\/informacionlocal.es\/de\/wp-json\/wp\/v2\/comments?post=5917"}],"version-history":[{"count":0,"href":"https:\/\/informacionlocal.es\/de\/wp-json\/wp\/v2\/posts\/5917\/revisions"}],"wp:featuredmedia":[{"embeddable":true,"href":"https:\/\/informacionlocal.es\/de\/wp-json\/wp\/v2\/media\/5914"}],"wp:attachment":[{"href":"https:\/\/informacionlocal.es\/de\/wp-json\/wp\/v2\/media?parent=5917"}],"wp:term":[{"taxonomy":"category","embeddable":true,"href":"https:\/\/informacionlocal.es\/de\/wp-json\/wp\/v2\/categories?post=5917"},{"taxonomy":"post_tag","embeddable":true,"href":"https:\/\/informacionlocal.es\/de\/wp-json\/wp\/v2\/tags?post=5917"}],"curies":[{"name":"wp","href":"https:\/\/api.w.org\/{rel}","templated":true}]}}