{"id":5905,"date":"2025-07-04T14:09:45","date_gmt":"2025-07-04T14:09:45","guid":{"rendered":"https:\/\/informacionlocal.es\/bauernmarkt-am-sonntag-auf-der-plaza-de-antigua\/"},"modified":"2025-07-04T14:09:45","modified_gmt":"2025-07-04T14:09:45","slug":"bauernmarkt-am-sonntag-auf-der-plaza-de-antigua","status":"publish","type":"post","link":"https:\/\/informacionlocal.es\/de\/bauernmarkt-am-sonntag-auf-der-plaza-de-antigua\/","title":{"rendered":"Bauernmarkt am Sonntag auf der Plaza de Antigua"},"content":{"rendered":"<div class=\"elementor-widget-container\">\n<p><strong>Bauernmarkt am Sonntag auf der Plaza de Antigua<\/strong><\/p>\n<p><strong>&#8211; An diesem Sonntag, dem 6. Juli, werden von 09:00 bis 14:00 Uhr auf der Plaza de Antigua frische Produkte und lokal hergestellte S\u00fc\u00dfigkeiten, So\u00dfen und gastronomische K\u00f6stlichkeiten angeboten.  <\/strong><br \/><strong>&#8211; Frische Produkte, handgefertigte Erzeugnisse oder frisch gepresste Zuckerrohrs\u00e4fte auf einem Bauernmarkt, belebt durch das Parrandeo von Los Tres Amigos.<\/strong><\/p>\n<p>Wie jeden ersten Sonntag im Monat organisiert das Rathaus von Antigua, Abteilung f\u00fcr Landwirtschaft, Viehzucht und Fischerei, am Morgen des 6. Juli von 09:00 bis 14:00 Uhr den Landwirtschaftsmarkt auf der Plaza de Antigua mit einer Vielzahl von Gem\u00fcse, Zierpflanzen, Gew\u00fcrzen, verschiedenen K\u00e4sesorten, Brot, Kuchen, hausgemachten Desserts, Mojos, Konserven und Trockenfisch.<\/p>\n<p>Bei dieser Gelegenheit, so der Stadtrat f\u00fcr den Prim\u00e4rsektor in Antigua, Fernando Estupi\u00f1\u00e1n, werden wir die Unterhaltung der Parrandero-Gruppe Los Tres Amigos erleben und wieder einmal den Zuckerrohrsaft probieren k\u00f6nnen, der auf Bestellung vor Ort hergestellt wird.<\/p>\n<p>Stadtr\u00e4tin Estupi\u00f1\u00e1n l\u00e4dt alle Erzeuger, die dies w\u00fcnschen, zur Teilnahme ein und erinnert sie daran, dass die Stadt selbst den Platz, das Zelt f\u00fcr jeden Stand und den Anschluss an das Stromnetz, falls erforderlich, kostenlos zur Verf\u00fcgung stellt.<\/p>\n<p>Der Bauernmarkt von Antigua, f\u00fcgt der B\u00fcrgermeister Mat\u00edas Pe\u00f1a Garc\u00eda hinzu, ist ein Treffpunkt, der den Prim\u00e4rsektor und die lokale Produktion widerspiegelt, der mit jeder Ausgabe w\u00e4chst und die Einwohner der Gemeinde auf dem Platz zusammenbringt, um den Korb mit frischen Produkten zu f\u00fcllen, Live-Musik zu genie\u00dfen und die nahe gelegenen Restaurants und Gesch\u00e4fte zu besuchen.<\/p>\n<\/div>\n","protected":false},"excerpt":{"rendered":"<p><strong>Bauernmarkt am Sonntag auf der Plaza de Antigua<\/strong><\/p>\n","protected":false},"author":1,"featured_media":5902,"comment_status":"open","ping_status":"open","sticky":false,"template":"","format":"standard","meta":{"inline_featured_image":false,"jnews-multi-image_gallery":[],"jnews_single_post":[],"jnews_primary_category":[],"jnews_social_meta":[],"jnews_override_counter":[],"jnews_post_split":[],"footnotes":""},"categories":[283],"tags":[],"class_list":["post-5905","post","type-post","status-publish","format-standard","has-post-thumbnail","hentry","category-antigua-de"],"jetpack_featured_media_url":"https:\/\/informacionlocal.es\/wp-content\/uploads\/2025\/07\/mercadillo-agricola-de-antigua.jpg","_links":{"self":[{"href":"https:\/\/informacionlocal.es\/de\/wp-json\/wp\/v2\/posts\/5905","targetHints":{"allow":["GET"]}}],"collection":[{"href":"https:\/\/informacionlocal.es\/de\/wp-json\/wp\/v2\/posts"}],"about":[{"href":"https:\/\/informacionlocal.es\/de\/wp-json\/wp\/v2\/types\/post"}],"author":[{"embeddable":true,"href":"https:\/\/informacionlocal.es\/de\/wp-json\/wp\/v2\/users\/1"}],"replies":[{"embeddable":true,"href":"https:\/\/informacionlocal.es\/de\/wp-json\/wp\/v2\/comments?post=5905"}],"version-history":[{"count":0,"href":"https:\/\/informacionlocal.es\/de\/wp-json\/wp\/v2\/posts\/5905\/revisions"}],"wp:featuredmedia":[{"embeddable":true,"href":"https:\/\/informacionlocal.es\/de\/wp-json\/wp\/v2\/media\/5902"}],"wp:attachment":[{"href":"https:\/\/informacionlocal.es\/de\/wp-json\/wp\/v2\/media?parent=5905"}],"wp:term":[{"taxonomy":"category","embeddable":true,"href":"https:\/\/informacionlocal.es\/de\/wp-json\/wp\/v2\/categories?post=5905"},{"taxonomy":"post_tag","embeddable":true,"href":"https:\/\/informacionlocal.es\/de\/wp-json\/wp\/v2\/tags?post=5905"}],"curies":[{"name":"wp","href":"https:\/\/api.w.org\/{rel}","templated":true}]}}