{"id":5882,"date":"2025-07-04T12:02:04","date_gmt":"2025-07-04T12:02:04","guid":{"rendered":"https:\/\/informacionlocal.es\/ankuendigung-feststellung-dass-frau-miriam-de-leon-fabregas-sprecherin-der-pp-stadtratsfraktion-ihre-aufgaben-auf-teilzeitbasis-wahrnehmen-wird\/"},"modified":"2025-07-04T12:02:04","modified_gmt":"2025-07-04T12:02:04","slug":"ankuendigung-feststellung-dass-frau-miriam-de-leon-fabregas-sprecherin-der-pp-stadtratsfraktion-ihre-aufgaben-auf-teilzeitbasis-wahrnehmen-wird","status":"publish","type":"post","link":"https:\/\/informacionlocal.es\/de\/ankuendigung-feststellung-dass-frau-miriam-de-leon-fabregas-sprecherin-der-pp-stadtratsfraktion-ihre-aufgaben-auf-teilzeitbasis-wahrnehmen-wird\/","title":{"rendered":"ANK\u00dcNDIGUNG: Feststellung, dass Frau Miriam de Le\u00f3n F\u00e1bregas, Sprecherin der PP-Stadtratsfraktion, ihre Aufgaben auf Teilzeitbasis wahrnehmen wird."},"content":{"rendered":"<div class=\"entry-content\">\n<p>Bekanntgabe, dass Frau Miriam de Le\u00f3n F\u00e1bregas, Sprecherin der PP-Stadtratsfraktion, ihre Aufgaben auf Teilzeitbasis wahrnehmen wird.<\/p>\n<p><span class=\"mb-center maxbutton-1-center\"><span class=\"maxbutton-1-container mb-container\"><span class=\"mb-text\">Siehe ANZEIGE<\/span><\/span><\/span><\/div>\n","protected":false},"excerpt":{"rendered":"<p>Bekanntgabe, dass Frau Miriam de Le\u00f3n F\u00e1bregas, Sprecherin der PP-Stadtratsfraktion, ihre Aufgaben auf Teilzeitbasis wahrnehmen wird. Siehe ANZEIGE<\/p>\n","protected":false},"author":1,"featured_media":5876,"comment_status":"open","ping_status":"open","sticky":false,"template":"","format":"standard","meta":{"inline_featured_image":false,"jnews-multi-image_gallery":[],"jnews_single_post":[],"jnews_primary_category":[],"jnews_social_meta":[],"jnews_override_counter":[],"jnews_post_split":[],"footnotes":""},"categories":[297],"tags":[],"class_list":["post-5882","post","type-post","status-publish","format-standard","has-post-thumbnail","hentry","category-pajara-de"],"jetpack_featured_media_url":"https:\/\/informacionlocal.es\/wp-content\/uploads\/2025\/07\/nofoto.png","_links":{"self":[{"href":"https:\/\/informacionlocal.es\/de\/wp-json\/wp\/v2\/posts\/5882","targetHints":{"allow":["GET"]}}],"collection":[{"href":"https:\/\/informacionlocal.es\/de\/wp-json\/wp\/v2\/posts"}],"about":[{"href":"https:\/\/informacionlocal.es\/de\/wp-json\/wp\/v2\/types\/post"}],"author":[{"embeddable":true,"href":"https:\/\/informacionlocal.es\/de\/wp-json\/wp\/v2\/users\/1"}],"replies":[{"embeddable":true,"href":"https:\/\/informacionlocal.es\/de\/wp-json\/wp\/v2\/comments?post=5882"}],"version-history":[{"count":0,"href":"https:\/\/informacionlocal.es\/de\/wp-json\/wp\/v2\/posts\/5882\/revisions"}],"wp:featuredmedia":[{"embeddable":true,"href":"https:\/\/informacionlocal.es\/de\/wp-json\/wp\/v2\/media\/5876"}],"wp:attachment":[{"href":"https:\/\/informacionlocal.es\/de\/wp-json\/wp\/v2\/media?parent=5882"}],"wp:term":[{"taxonomy":"category","embeddable":true,"href":"https:\/\/informacionlocal.es\/de\/wp-json\/wp\/v2\/categories?post=5882"},{"taxonomy":"post_tag","embeddable":true,"href":"https:\/\/informacionlocal.es\/de\/wp-json\/wp\/v2\/tags?post=5882"}],"curies":[{"name":"wp","href":"https:\/\/api.w.org\/{rel}","templated":true}]}}