{"id":5867,"date":"2025-07-04T11:01:56","date_gmt":"2025-07-04T11:01:56","guid":{"rendered":"https:\/\/informacionlocal.es\/erfolgreiche-anmeldung-zum-inklusionscamp-2025\/"},"modified":"2025-07-04T11:01:56","modified_gmt":"2025-07-04T11:01:56","slug":"erfolgreiche-anmeldung-zum-inklusionscamp-2025","status":"publish","type":"post","link":"https:\/\/informacionlocal.es\/de\/erfolgreiche-anmeldung-zum-inklusionscamp-2025\/","title":{"rendered":"Erfolgreiche Anmeldung zum Inklusionscamp 2025"},"content":{"rendered":"<p>Die Stadtverwaltung von La Oliva er\u00f6ffnet \u00fcber den Bereich Pr\u00e4vention der Abteilung f\u00fcr soziale Dienste unter der Leitung von Joana P\u00e9rez Carre\u00f1o das Inklusionscamp 2025. Der Erfolg bei der Zahl der Anmeldungen f\u00fcr diese Aktivit\u00e4t zeigt das wachsende Interesse der Familien an Inklusion, Spa\u00df und pers\u00f6nlicher Entwicklung der j\u00fcngsten Kinder in der Gemeinde.   <\/p>\n<p>Das Camp, das in der st\u00e4dtischen Unterkunft von El Cohombrillo stattfindet, richtet sich an Kinder zwischen 6 und 12 Jahren und dauert vom 30. Juni bis zum 4. Juli. Es ist anzumerken, dass die Initiative Pl\u00e4tze f\u00fcr Kinder mit Behinderungen reserviert hat, um eine gleichberechtigte Teilnahme und einen gleichberechtigten Zugang zu bereichernden Erfahrungen f\u00fcr alle Kinder zu gew\u00e4hrleisten.   <\/p>\n<p>Der B\u00fcrgermeister von La Oliva, Isa\u00ed Blanco, unterstreicht die Notwendigkeit, diese Art von Aktivit\u00e4ten unter Kindern weiter zu f\u00f6rdern: &#8222;Die Entwicklung des Inklusionscamps ist entscheidend, um als Gesellschaft weiter voranzukommen. Diese Aktivit\u00e4t zeigt, dass Inklusion keine Option ist, sondern ein wesentlicher Bestandteil unserer B\u00fcrgerschaft, ein Thema von gro\u00dfer Bedeutung f\u00fcr die Regierungsfraktion, und in dem wir weiterhin daran arbeiten werden, die Gleichheit zwischen Jungen und M\u00e4dchen in unserer Gemeinde zu gew\u00e4hrleisten&#8220;.<\/p>\n<p>Die Stadtr\u00e4tin f\u00fcr Soziales, Joana P\u00e9rez Carre\u00f1o, bedankte sich ihrerseits bei den Familien f\u00fcr ihre Reaktion und hob das Engagement der Stadtverwaltung f\u00fcr die Inklusion hervor: &#8222;Dieses Camp spiegelt das Gesellschaftsmodell wider, das wir aufbauen wollen: eine vielf\u00e4ltige, unterst\u00fctzende und integrative Gemeinschaft, in der jedes Kind die M\u00f6glichkeit hat, ohne Barrieren zu genie\u00dfen, zu lernen und zu wachsen. Wir freuen uns sehr \u00fcber den Zuspruch zu dieser Initiative, mit der wir bereits beim Weihnachtscamp erste Erfahrungen gemacht haben, und wir werden weiter daran arbeiten, R\u00e4ume des Zusammenlebens und des Wohlbefindens f\u00fcr alle zu schaffen&#8220;.  <\/p>\n<p>Der Erfolg dieser Veranstaltung unterstreicht das Engagement der Gemeinde f\u00fcr eine Sozialpolitik, die die Integration, die aktive Teilnahme und das Recht auf Freizeit f\u00fcr alle Kinder f\u00f6rdert.<\/p>\n","protected":false},"excerpt":{"rendered":"<p><span>Das Konsistorium setzt sich weiterhin f\u00fcr ein inklusives und barrierefreies Sozialmodell ein<\/span><\/p>\n","protected":false},"author":1,"featured_media":5864,"comment_status":"open","ping_status":"open","sticky":false,"template":"","format":"standard","meta":{"inline_featured_image":false,"jnews-multi-image_gallery":[],"jnews_single_post":[],"jnews_primary_category":[],"jnews_social_meta":[],"jnews_override_counter":[],"jnews_post_split":[],"footnotes":""},"categories":[291],"tags":[],"class_list":["post-5867","post","type-post","status-publish","format-standard","has-post-thumbnail","hentry","category-la-oliva-de"],"jetpack_featured_media_url":"https:\/\/informacionlocal.es\/wp-content\/uploads\/2025\/07\/5220_07fcca39.png","_links":{"self":[{"href":"https:\/\/informacionlocal.es\/de\/wp-json\/wp\/v2\/posts\/5867","targetHints":{"allow":["GET"]}}],"collection":[{"href":"https:\/\/informacionlocal.es\/de\/wp-json\/wp\/v2\/posts"}],"about":[{"href":"https:\/\/informacionlocal.es\/de\/wp-json\/wp\/v2\/types\/post"}],"author":[{"embeddable":true,"href":"https:\/\/informacionlocal.es\/de\/wp-json\/wp\/v2\/users\/1"}],"replies":[{"embeddable":true,"href":"https:\/\/informacionlocal.es\/de\/wp-json\/wp\/v2\/comments?post=5867"}],"version-history":[{"count":0,"href":"https:\/\/informacionlocal.es\/de\/wp-json\/wp\/v2\/posts\/5867\/revisions"}],"wp:featuredmedia":[{"embeddable":true,"href":"https:\/\/informacionlocal.es\/de\/wp-json\/wp\/v2\/media\/5864"}],"wp:attachment":[{"href":"https:\/\/informacionlocal.es\/de\/wp-json\/wp\/v2\/media?parent=5867"}],"wp:term":[{"taxonomy":"category","embeddable":true,"href":"https:\/\/informacionlocal.es\/de\/wp-json\/wp\/v2\/categories?post=5867"},{"taxonomy":"post_tag","embeddable":true,"href":"https:\/\/informacionlocal.es\/de\/wp-json\/wp\/v2\/tags?post=5867"}],"curies":[{"name":"wp","href":"https:\/\/api.w.org\/{rel}","templated":true}]}}