{"id":5854,"date":"2025-06-19T09:18:44","date_gmt":"2025-06-19T09:18:44","guid":{"rendered":"https:\/\/informacionlocal.es\/die-datana-academy-praesentiert-das-musical-der-koenig-der-loewen-in-antigua\/"},"modified":"2025-06-19T09:18:44","modified_gmt":"2025-06-19T09:18:44","slug":"die-datana-academy-praesentiert-das-musical-der-koenig-der-loewen-in-antigua","status":"publish","type":"post","link":"https:\/\/informacionlocal.es\/de\/die-datana-academy-praesentiert-das-musical-der-koenig-der-loewen-in-antigua\/","title":{"rendered":"Die Datana Academy pr\u00e4sentiert das Musical Der K\u00f6nig der L\u00f6wen in Antigua"},"content":{"rendered":"<div class=\"elementor-widget-container\">\n<p><strong>Die Datana Academy pr\u00e4sentiert das Musical Der K\u00f6nig der L\u00f6wen in Antigua<\/strong><\/p>\n<p>Der B\u00fcrgermeister von Antigua, Mat\u00edas Pe\u00f1a Garc\u00eda, empfing den Besuch der Jugendlichen der Datana-Akademie, Protagonisten des Musicals K\u00f6nig der L\u00f6wen, das am Sonntag, den 29. Juni, im Auditorium von Antigua in zwei verschiedenen Vorstellungen um 17:00 und 20:00 Uhr aufgef\u00fchrt wird. Eintrittskarten k\u00f6nnen auf der Online-Plattform ecoentradas erworben werden.<\/p>\n<p>Der B\u00fcrgermeister begl\u00fcckw\u00fcnscht die Initiative der Datana-Akademie, dankt ihnen f\u00fcr ihren Besuch, um ihre Auff\u00fchrung anzuk\u00fcndigen, und hebt, so Mat\u00edas Pe\u00f1a, die Begeisterung, den Enthusiasmus und das Engagement dieser jungen K\u00fcnstler hervor, die nach M\u00fche und vielen Proben dieses bekannte Musical organisieren und anbieten.<\/p>\n<\/div>\n","protected":false},"excerpt":{"rendered":"<p><strong>Die Datana Academy pr\u00e4sentiert das Musical Der K\u00f6nig der L\u00f6wen in Antigua<\/strong><\/p>\n","protected":false},"author":1,"featured_media":5851,"comment_status":"open","ping_status":"open","sticky":false,"template":"","format":"standard","meta":{"inline_featured_image":false,"jnews-multi-image_gallery":[],"jnews_single_post":[],"jnews_primary_category":[],"jnews_social_meta":[],"jnews_override_counter":[],"jnews_post_split":[],"footnotes":""},"categories":[283],"tags":[],"class_list":["post-5854","post","type-post","status-publish","format-standard","has-post-thumbnail","hentry","category-antigua-de"],"jetpack_featured_media_url":"https:\/\/informacionlocal.es\/wp-content\/uploads\/2025\/06\/alcalde-felicita-a-los-jovenes-datana-protagonistas-del-musical-el-rey-leon-en-antigua-2-scaled-1.jpg","_links":{"self":[{"href":"https:\/\/informacionlocal.es\/de\/wp-json\/wp\/v2\/posts\/5854","targetHints":{"allow":["GET"]}}],"collection":[{"href":"https:\/\/informacionlocal.es\/de\/wp-json\/wp\/v2\/posts"}],"about":[{"href":"https:\/\/informacionlocal.es\/de\/wp-json\/wp\/v2\/types\/post"}],"author":[{"embeddable":true,"href":"https:\/\/informacionlocal.es\/de\/wp-json\/wp\/v2\/users\/1"}],"replies":[{"embeddable":true,"href":"https:\/\/informacionlocal.es\/de\/wp-json\/wp\/v2\/comments?post=5854"}],"version-history":[{"count":0,"href":"https:\/\/informacionlocal.es\/de\/wp-json\/wp\/v2\/posts\/5854\/revisions"}],"wp:featuredmedia":[{"embeddable":true,"href":"https:\/\/informacionlocal.es\/de\/wp-json\/wp\/v2\/media\/5851"}],"wp:attachment":[{"href":"https:\/\/informacionlocal.es\/de\/wp-json\/wp\/v2\/media?parent=5854"}],"wp:term":[{"taxonomy":"category","embeddable":true,"href":"https:\/\/informacionlocal.es\/de\/wp-json\/wp\/v2\/categories?post=5854"},{"taxonomy":"post_tag","embeddable":true,"href":"https:\/\/informacionlocal.es\/de\/wp-json\/wp\/v2\/tags?post=5854"}],"curies":[{"name":"wp","href":"https:\/\/api.w.org\/{rel}","templated":true}]}}