{"id":5830,"date":"2025-06-19T08:16:14","date_gmt":"2025-06-19T08:16:14","guid":{"rendered":"https:\/\/informacionlocal.es\/pajara-feiert-das-fest-zu-ehren-der-muttergottes-von-regla\/"},"modified":"2025-06-19T08:16:14","modified_gmt":"2025-06-19T08:16:14","slug":"pajara-feiert-das-fest-zu-ehren-der-muttergottes-von-regla","status":"publish","type":"post","link":"https:\/\/informacionlocal.es\/de\/pajara-feiert-das-fest-zu-ehren-der-muttergottes-von-regla\/","title":{"rendered":"P\u00e1jara feiert das Fest zu Ehren der Muttergottes von Regla"},"content":{"rendered":"<div class=\"entry-content\">\n<p><b><i>Der Stadtrat pr\u00e4sentiert vom 25. Juni bis 2. Juli ein vielf\u00e4ltiges Programm mit traditionellen, kulturellen und religi\u00f6sen Aktivit\u00e4ten.  <\/i><\/b><\/p>\n<p><span>Die Stadtverwaltung von P\u00e1jara stellt \u00fcber die Abteilung f\u00fcr Festlichkeiten das Programm f\u00fcr die Feierlichkeiten zu Ehren von Nuestra Se\u00f1ora de Regla vor, die vom 25. Juni bis zum 2. Juli in der Stadt P\u00e1jara stattfinden werden. Das Programm umfasst eine Vielzahl kultureller, religi\u00f6ser und festlicher Veranstaltungen, die sich an ein breites Publikum richten. Die Angebote reichen von musikalischen Darbietungen, Turnieren und Kinderginkas bis hin zu einem Stra\u00dfenmarkt, Wettbewerben, T\u00e4nzen unter freiem Himmel und vielen anderen Aktivit\u00e4ten.   <\/span><\/p>\n<p><span>Der Beigeordnete f\u00fcr Festlichkeiten, Juan Jos\u00e9 Viera, unterstreicht den Wert dieser Feste f\u00fcr die Gemeinde. &#8222;Sie sind ein Fest unserer Identit\u00e4t, unserer Wurzeln und unserer Menschen&#8220;. Wir haben ein Programm f\u00fcr alle Einwohner und Besucher zusammengestellt, das von den traditionellsten bis zu den modernsten Vorschl\u00e4gen reicht&#8220;, erkl\u00e4rt er. Einen besonderen Dank richtete der Stadtrat an das Festkomitee, &#8222;das Jahr f\u00fcr Jahr daf\u00fcr sorgt, dass diese Feierlichkeiten ein voller Erfolg werden&#8220;.     <\/span><\/p>\n<p><span>Zu den herausragendsten Aktivit\u00e4ten geh\u00f6rt die \u201eFiesta de Anta\u00f1o\u201c, die am Samstag, dem 28. Juni, stattfindet. An diesem Tag ist die Bev\u00f6lkerung eingeladen, in Kost\u00fcmen vergangener Jahrzehnte zu erscheinen und eine einzigartige Atmosph\u00e4re zu genie\u00dfen. \u201eEs ist eine Gelegenheit, durch Musik, Stil und Geselligkeit in die Vergangenheit zu reisen\u201c, f\u00fcgt die Stadtr\u00e4tin hinzu.    <\/span><\/p>\n<p><span>Am Sonntag, dem 29. Juni, findet in der Ortschaft P\u00e1jara zum ersten Mal im Rahmen dieser Fiestas die 3. Truck Show statt, obwohl es sich bereits um die dritte Auflage handelt. Diese Veranstaltung ist aufgrund ihrer Originalit\u00e4t und Attraktivit\u00e4t auf der Insel sehr beliebt und wird voraussichtlich zahlreiche Besucher anlocken. Die traditionelle Wallfahrt zu Ehren von Nuestra Se\u00f1ora de Regla findet am Dienstag, den 1. Juli, ab 18:00 Uhr statt.  <\/span><\/p>\n<p><span>Am Mittwoch, dem 2. Juli, findet um 12.00 Uhr die feierliche Eucharistie unter Mitwirkung des Chors von Arrecife statt. Am Abend, um 20:00 Uhr, beginnt die Prozession durch die Stra\u00dfen des Dorfes, begleitet von der Stadtkapelle von P\u00e1jara. Zum Abschluss wird um 21:00 Uhr eine Gruppe \u00e4lterer Frauen aus der Gemeinde eine emotionale Anerkennung erhalten. \u201eWir wollen unsere \u00e4lteren Frauen ehren, die wahre S\u00e4ulen unserer Geschichte und ein Beispiel f\u00fcr Hingabe und Arbeit sind\u201c, schlie\u00dft die Stadtr\u00e4tin.     <\/span><\/p>\n<p><span>Das Rathaus von P\u00e1jara l\u00e4dt alle B\u00fcrgerinnen und B\u00fcrger ein, sich aktiv an diesen Feierlichkeiten zu beteiligen, und hofft, dass sie sich an den geplanten Aktivit\u00e4ten erfreuen werden.  <\/span><\/p>\n<\/p>\n<\/div>\n","protected":false},"excerpt":{"rendered":"<p><i>Der Stadtrat pr\u00e4sentiert vom 25. Juni bis 2. Juli ein vielf\u00e4ltiges Programm mit traditionellen, kulturellen und religi\u00f6sen Aktivit\u00e4ten.  <\/i><\/p>\n","protected":false},"author":1,"featured_media":5827,"comment_status":"open","ping_status":"open","sticky":false,"template":"","format":"standard","meta":{"inline_featured_image":false,"jnews-multi-image_gallery":[],"jnews_single_post":[],"jnews_primary_category":[],"jnews_social_meta":[],"jnews_override_counter":[],"jnews_post_split":[],"footnotes":""},"categories":[297],"tags":[],"class_list":["post-5830","post","type-post","status-publish","format-standard","has-post-thumbnail","hentry","category-pajara-de"],"jetpack_featured_media_url":"https:\/\/informacionlocal.es\/wp-content\/uploads\/2025\/06\/programa-fiestas-de-pajara-julio-2025-scaled-1.png","_links":{"self":[{"href":"https:\/\/informacionlocal.es\/de\/wp-json\/wp\/v2\/posts\/5830","targetHints":{"allow":["GET"]}}],"collection":[{"href":"https:\/\/informacionlocal.es\/de\/wp-json\/wp\/v2\/posts"}],"about":[{"href":"https:\/\/informacionlocal.es\/de\/wp-json\/wp\/v2\/types\/post"}],"author":[{"embeddable":true,"href":"https:\/\/informacionlocal.es\/de\/wp-json\/wp\/v2\/users\/1"}],"replies":[{"embeddable":true,"href":"https:\/\/informacionlocal.es\/de\/wp-json\/wp\/v2\/comments?post=5830"}],"version-history":[{"count":0,"href":"https:\/\/informacionlocal.es\/de\/wp-json\/wp\/v2\/posts\/5830\/revisions"}],"wp:featuredmedia":[{"embeddable":true,"href":"https:\/\/informacionlocal.es\/de\/wp-json\/wp\/v2\/media\/5827"}],"wp:attachment":[{"href":"https:\/\/informacionlocal.es\/de\/wp-json\/wp\/v2\/media?parent=5830"}],"wp:term":[{"taxonomy":"category","embeddable":true,"href":"https:\/\/informacionlocal.es\/de\/wp-json\/wp\/v2\/categories?post=5830"},{"taxonomy":"post_tag","embeddable":true,"href":"https:\/\/informacionlocal.es\/de\/wp-json\/wp\/v2\/tags?post=5830"}],"curies":[{"name":"wp","href":"https:\/\/api.w.org\/{rel}","templated":true}]}}