{"id":5806,"date":"2025-06-18T21:57:15","date_gmt":"2025-06-18T21:57:15","guid":{"rendered":"https:\/\/informacionlocal.es\/die-casa-de-la-cultura-zeigt-die-ausstellung-metamorphosis-des-kuenstlers-nigel-collingwood\/"},"modified":"2025-06-18T21:57:15","modified_gmt":"2025-06-18T21:57:15","slug":"die-casa-de-la-cultura-zeigt-die-ausstellung-metamorphosis-des-kuenstlers-nigel-collingwood","status":"publish","type":"post","link":"https:\/\/informacionlocal.es\/de\/die-casa-de-la-cultura-zeigt-die-ausstellung-metamorphosis-des-kuenstlers-nigel-collingwood\/","title":{"rendered":"Die Casa de la Cultura zeigt die Ausstellung \u201eMetamorphosis\u201c des K\u00fcnstlers Nigel Collingwood."},"content":{"rendered":"<div class=\"entry-content\">\n<p>Am Mittwochnachmittag, 18. Juni, wurde im Kulturhaus von Puerto del Rosario die Fotoausstellung \u201eMetamorphose\u201c er\u00f6ffnet.<\/p>\n<p>Mit dieser Ausstellung m\u00f6chte der Fotograf zum Nachdenken und Staunen \u00fcber die m\u00f6glichen Metamorphosen im Alltag anregen. Zus\u00e4tzlich zu den menschlichen Interaktionen w\u00e4hrend der aufeinanderfolgenden Generationen der Antike, die die Geschichte der Kulturen ausmachen. <\/p>\n<p>Der <strong>B\u00fcrgermeister David de Vera<\/strong> hob hervor, \u201ewie viele Bilder, die in der Zeit verankert sind, einer Ausstellung hinzugef\u00fcgt werden, die man wegen der Qualit\u00e4t der Botschaft, die sie vermittelt, besuchen sollte und die uns lehrt, unsere Landschaft und die Umwelt zu sch\u00e4tzen\u201c.<\/p>\n<p>Der <strong>Stadtrat f\u00fcr Kultur, Juan Manuel Verdugo<\/strong>, hob \u201edie Vielfalt der Bilder des Meeresbodens, der Flora und der Landschaften der Insel hervor, die uns zum Nachdenken und zur Wertsch\u00e4tzung der Umwelt, die wir genie\u00dfen, einladen. Eine echte Metamorphose, die einen Besuch wert ist\u201c.<\/p>\n<p>Der <strong>K\u00fcnstler Nigel Collingwood <\/strong>bedankte sich bei der Stadtverwaltung \u201ef\u00fcr die Zusammenarbeit bei der Verwirklichung dieser Ausstellung, die mehrere Jahre Erfahrung, Beobachtung und Freude an jedem einzelnen Bild zusammenfasst, das ich mit der \u00d6ffentlichkeit teilen und weitergeben m\u00f6chte\u201c.<\/p>\n<p>Nigel Collingwood, 1948 in Natal (Brasilien) als Sohn britischer Eltern geboren, lebt seit mehr als 50 Jahren auf Fuerteventura und hat sich an vielen Aktivit\u00e4ten in den Bereichen Tourismus, Umwelt und Sport beteiligt. Er ist Tauchlehrer und Meeres\u00f6kologe. <\/p>\n<p>Die Ausstellung ist bis Mittwoch, 16. Juli, von Montag bis Freitag von 10:00-13:00 Uhr und 17:00-20:00 Uhr bei freiem Eintritt ge\u00f6ffnet.<\/p>\n<p>Die Casa de la Cultura befindet sich in der Calle Ramiro de Maeztu, 2<\/p>\n<p>(vor der Stadtbibliothek).<\/p>\n<\/div>\n","protected":false},"excerpt":{"rendered":"<p>Am Mittwochnachmittag, 18. Juni, wurde im Kulturhaus von Puerto del Rosario die Fotoausstellung \u201eMetamorphose\u201c er\u00f6ffnet. Mit dieser Ausstellung m\u00f6chte der Fotograf zum Nachdenken und Staunen \u00fcber die m\u00f6glichen Metamorphosen im [&hellip;]<\/p>\n","protected":false},"author":1,"featured_media":5803,"comment_status":"open","ping_status":"open","sticky":false,"template":"","format":"standard","meta":{"inline_featured_image":false,"jnews-multi-image_gallery":[],"jnews_single_post":[],"jnews_primary_category":[],"jnews_social_meta":[],"jnews_override_counter":[],"jnews_post_split":[],"footnotes":""},"categories":[293],"tags":[216,199],"class_list":["post-5806","post","type-post","status-publish","format-standard","has-post-thumbnail","hentry","category-puerto-del-rosario-de","tag-fuerteventura-de","tag-umwelt"],"jetpack_featured_media_url":"https:\/\/informacionlocal.es\/wp-content\/uploads\/2025\/06\/metamorfosis-22-roll-alcalde-verdugo-nigel.jpg","_links":{"self":[{"href":"https:\/\/informacionlocal.es\/de\/wp-json\/wp\/v2\/posts\/5806","targetHints":{"allow":["GET"]}}],"collection":[{"href":"https:\/\/informacionlocal.es\/de\/wp-json\/wp\/v2\/posts"}],"about":[{"href":"https:\/\/informacionlocal.es\/de\/wp-json\/wp\/v2\/types\/post"}],"author":[{"embeddable":true,"href":"https:\/\/informacionlocal.es\/de\/wp-json\/wp\/v2\/users\/1"}],"replies":[{"embeddable":true,"href":"https:\/\/informacionlocal.es\/de\/wp-json\/wp\/v2\/comments?post=5806"}],"version-history":[{"count":0,"href":"https:\/\/informacionlocal.es\/de\/wp-json\/wp\/v2\/posts\/5806\/revisions"}],"wp:featuredmedia":[{"embeddable":true,"href":"https:\/\/informacionlocal.es\/de\/wp-json\/wp\/v2\/media\/5803"}],"wp:attachment":[{"href":"https:\/\/informacionlocal.es\/de\/wp-json\/wp\/v2\/media?parent=5806"}],"wp:term":[{"taxonomy":"category","embeddable":true,"href":"https:\/\/informacionlocal.es\/de\/wp-json\/wp\/v2\/categories?post=5806"},{"taxonomy":"post_tag","embeddable":true,"href":"https:\/\/informacionlocal.es\/de\/wp-json\/wp\/v2\/tags?post=5806"}],"curies":[{"name":"wp","href":"https:\/\/api.w.org\/{rel}","templated":true}]}}