{"id":5777,"date":"2025-06-18T13:03:21","date_gmt":"2025-06-18T13:03:21","guid":{"rendered":"https:\/\/informacionlocal.es\/antigua-organisiert-das-kulturcamp-creando-arte-en-verano-kunst-schaffen-im-sommer\/"},"modified":"2025-06-18T13:03:21","modified_gmt":"2025-06-18T13:03:21","slug":"antigua-organisiert-das-kulturcamp-creando-arte-en-verano-kunst-schaffen-im-sommer","status":"publish","type":"post","link":"https:\/\/informacionlocal.es\/de\/antigua-organisiert-das-kulturcamp-creando-arte-en-verano-kunst-schaffen-im-sommer\/","title":{"rendered":"Antigua organisiert das Kulturcamp Creando Arte en Verano (Kunst schaffen im Sommer)"},"content":{"rendered":"<div class=\"elementor-widget-container\">\n<p><strong>Antigua organisiert das Kulturcamp Creando Arte en Verano (Kunst schaffen im Sommer)<\/strong><\/p>\n<p><strong>&#8211; Die Kulturzentren von Caleta de Fuste, Triquivijate, Valles de Ortega und die Bibliothek von Antigua sind Gastgeber des Kulturcamps Creando Arte en Verano.<\/strong><br \/><strong>&#8211; Vom 23. bis 30. Juni ist die Eintragung in das Melderegister kostenlos. Voraussetzung ist, dass man in der Gemeinde Antigua gemeldet und zwischen 11 und 16 Jahre alt ist.<\/strong><\/p>\n<p>Das Rathaus von Antigua, Abteilung f\u00fcr Kultur, organisiert und k\u00fcndigt ein kulturelles Sommercamp mit kostenloser Anmeldung an. Es werden 50 Pl\u00e4tze angeboten, die einzigen beiden Voraussetzungen sind, dass man in der Gemeinde Antigua gemeldet und zwischen 11 und 16 Jahre alt ist.<\/p>\n<p>Wir wollen weiterhin die Kultur in all ihren k\u00fcnstlerischen und kreativen Aspekten f\u00f6rdern, da sie eine der besten Freizeitalternativen ist, die die Jugendlichen der Gemeinde genie\u00dfen k\u00f6nnen&#8220;, sagt B\u00fcrgermeister Mat\u00edas Pe\u00f1a Garc\u00eda.<\/p>\n<p>Das Camp soll ein Bildungs-, Kunst- und Freizeiterlebnis durch Aktivit\u00e4ten bieten, die von Fachleuten aus verschiedenen Disziplinen wie Tanz, Musik, Theater, Kino, Literatur oder einem DJ-Workshop geleitet werden, erkl\u00e4rt der Stadtrat Jonathan Pe\u00f1a. Es geht darum, Jugendlichen im Schulalter eine hochwertige kulturelle Alternative w\u00e4hrend des Sommers zu bieten.<\/p>\n<p>Der Vorschlag f\u00fcr das Sommercamp zielt darauf ab, die ganzheitliche Entwicklung der Teilnehmer durch Aktivit\u00e4ten zu f\u00f6rdern, die Kreativit\u00e4t, Teamarbeit, k\u00fcnstlerischen Ausdruck und kritisches Denken unterst\u00fctzen und gleichzeitig eine gesunde und bereichernde Freizeitgestaltung f\u00f6rdern.<\/p>\n<p>Im Juli findet vormittags von 09:00 bis 14:00 Uhr das Kulturcamp Creando Arte en Verano (Kunst im Sommer schaffen) statt, bei dem Tanz-, Musik-, Theater-, Zirkus-, Literatur-, Kino- und DJ-Aktivit\u00e4ten angeboten werden, die durch die Kulturzentren der Gemeinde touren, beginnend in Caleta de Fuste vom 7. bis 11. August, in Triquivijate vom 14. bis 18. August, in Valles de Ortega vom 21. bis 25. August und in der Bibliothek von Antigua vom 28. bis 1. August.<\/p>\n<\/div>\n","protected":false},"excerpt":{"rendered":"<p><strong>Antigua organisiert das Kulturcamp Creando Arte en Verano (Kunst schaffen im Sommer)<\/strong><\/p>\n","protected":false},"author":1,"featured_media":5775,"comment_status":"open","ping_status":"open","sticky":false,"template":"","format":"standard","meta":{"inline_featured_image":false,"jnews-multi-image_gallery":[],"jnews_single_post":[],"jnews_primary_category":[],"jnews_social_meta":[],"jnews_override_counter":[],"jnews_post_split":[],"footnotes":""},"categories":[283],"tags":[],"class_list":["post-5777","post","type-post","status-publish","format-standard","has-post-thumbnail","hentry","category-antigua-de"],"jetpack_featured_media_url":"https:\/\/informacionlocal.es\/wp-content\/uploads\/2025\/06\/cartel_campamentoverano-antigua.jpg","_links":{"self":[{"href":"https:\/\/informacionlocal.es\/de\/wp-json\/wp\/v2\/posts\/5777","targetHints":{"allow":["GET"]}}],"collection":[{"href":"https:\/\/informacionlocal.es\/de\/wp-json\/wp\/v2\/posts"}],"about":[{"href":"https:\/\/informacionlocal.es\/de\/wp-json\/wp\/v2\/types\/post"}],"author":[{"embeddable":true,"href":"https:\/\/informacionlocal.es\/de\/wp-json\/wp\/v2\/users\/1"}],"replies":[{"embeddable":true,"href":"https:\/\/informacionlocal.es\/de\/wp-json\/wp\/v2\/comments?post=5777"}],"version-history":[{"count":0,"href":"https:\/\/informacionlocal.es\/de\/wp-json\/wp\/v2\/posts\/5777\/revisions"}],"wp:featuredmedia":[{"embeddable":true,"href":"https:\/\/informacionlocal.es\/de\/wp-json\/wp\/v2\/media\/5775"}],"wp:attachment":[{"href":"https:\/\/informacionlocal.es\/de\/wp-json\/wp\/v2\/media?parent=5777"}],"wp:term":[{"taxonomy":"category","embeddable":true,"href":"https:\/\/informacionlocal.es\/de\/wp-json\/wp\/v2\/categories?post=5777"},{"taxonomy":"post_tag","embeddable":true,"href":"https:\/\/informacionlocal.es\/de\/wp-json\/wp\/v2\/tags?post=5777"}],"curies":[{"name":"wp","href":"https:\/\/api.w.org\/{rel}","templated":true}]}}