{"id":5767,"date":"2025-06-18T12:47:43","date_gmt":"2025-06-18T12:47:43","guid":{"rendered":"https:\/\/informacionlocal.es\/corralejo-kleidet-sich-in-farbe-mit-dem-fuerteventura-holi-colour-festival-am-22-juni\/"},"modified":"2025-06-18T12:47:43","modified_gmt":"2025-06-18T12:47:43","slug":"corralejo-kleidet-sich-in-farbe-mit-dem-fuerteventura-holi-colour-festival-am-22-juni","status":"publish","type":"post","link":"https:\/\/informacionlocal.es\/de\/corralejo-kleidet-sich-in-farbe-mit-dem-fuerteventura-holi-colour-festival-am-22-juni\/","title":{"rendered":"Corralejo kleidet sich in Farbe mit dem Fuerteventura Holi Colour Festival am 22. Juni"},"content":{"rendered":"<p>Das Holi-Farbfestival von Fuerteventura wird am Sonntag, den 22. Juni, Corralejo mit einer Explosion von Farben \u00fcberfluten. Das Rathaus von La Oliva ist \u00fcber die Abteilung f\u00fcr Tourismus unter der Leitung von David Fajardo zusammen mit der Organisation des Hindustani-Clubs von Fuerteventura daf\u00fcr verantwortlich, die kulturelle Vielfalt und Integration dieser Gemeinschaft in der Gemeinde zu f\u00f6rdern. <\/p>\n<p>Die Veranstaltung findet von 12:00 bis 21:00 Uhr auf der Plaza Patricio Calero statt, wo internationale DJs, Live-Auftritte, indische K\u00fcche und andere Aktivit\u00e4ten f\u00fcr alle Besucher die n\u00f6rdliche Stadt mit einer lebhaften und festlichen Atmosph\u00e4re erf\u00fcllen werden. K\u00fcnstler mit den besten Bollywood-Rhythmen wie DJ Vish, der urbane Headliner DJ Conjurer, Iv\u00e1n Andr\u00e9s DJ, Ale Monserratt und die Gruppe K-Libre werden diesen multikulturellen Tag musikalisch untermalen. <\/p>\n<p>Der B\u00fcrgermeister von La Oliva, Isa\u00ed Blanco, betont: \u201eEine Veranstaltung wie das Holi Colour Festival unterstreicht einmal mehr den kulturellen Reichtum, den wir in unserer Gemeinde haben. Vom Rathaus von La Oliva aus laden wir sowohl unsere Nachbarn als auch die Touristen, die in diesen Tagen auf Fuerteventura sind, ein, dieses Treffen zu genie\u00dfen, bei dem die hinduistische Kultur die Stra\u00dfen von Corralejo erobert\u201c.  <\/p>\n<p>Der Stadtrat f\u00fcr Tourismus, David Fajardo, sagt: \u201eDies ist eine gro\u00dfartige Gelegenheit, um nicht nur die Multikulturalit\u00e4t unserer Gemeinde bekannt zu machen, sondern auch unser touristisches Angebot durch die F\u00f6rderung des kulturellen Austauschs zu bereichern. Der kulturelle Reichtum, die exquisite Gastronomie und die Freude an einer Veranstaltung wie Holi werden Besucher in unsere Gemeinde locken, um diese multikulturelle Begegnung f\u00fcr alle zu feiern\u201c.  <\/p>\n<p>Abschlie\u00dfend betont der Vertreter des Hindustani-Clubs von Fuerteventura, Aman Jaising Harpalani: \u201eVon der Organisation des Holi-Farbenfestes auf Fuerteventura aus m\u00f6chten wir alle &#8211; Majoreros und Besucher &#8211; einladen, mit uns einen einzigartigen Tag zu feiern, der eine Hommage an die kulturelle Vielfalt darstellt. Holi, das so genannte Fest der Farben, symbolisiert die Ankunft des guten Wetters und die Gelegenheit, das Negative hinter sich zu lassen und mit Freude neu zu beginnen\u201c.<\/p>\n","protected":false},"excerpt":{"rendered":"<p><span>Einheimische und Besucher k\u00f6nnen diese multikulturelle Veranstaltung genie\u00dfen, bei der die Musik, die Farben und die Traditionen der Hindu-Gemeinschaft von 12:00 bis 21:00 Uhr die Plaza Patricio Calero erobern.<\/span><\/p>\n","protected":false},"author":1,"featured_media":5763,"comment_status":"open","ping_status":"open","sticky":false,"template":"","format":"standard","meta":{"inline_featured_image":false,"jnews-multi-image_gallery":[],"jnews_single_post":[],"jnews_primary_category":[],"jnews_social_meta":[],"jnews_override_counter":[],"jnews_post_split":[],"footnotes":""},"categories":[291],"tags":[216,213],"class_list":["post-5767","post","type-post","status-publish","format-standard","has-post-thumbnail","hentry","category-la-oliva-de","tag-fuerteventura-de","tag-integration-de"],"jetpack_featured_media_url":"https:\/\/informacionlocal.es\/wp-content\/uploads\/2025\/06\/5217_c40c64df.png","_links":{"self":[{"href":"https:\/\/informacionlocal.es\/de\/wp-json\/wp\/v2\/posts\/5767","targetHints":{"allow":["GET"]}}],"collection":[{"href":"https:\/\/informacionlocal.es\/de\/wp-json\/wp\/v2\/posts"}],"about":[{"href":"https:\/\/informacionlocal.es\/de\/wp-json\/wp\/v2\/types\/post"}],"author":[{"embeddable":true,"href":"https:\/\/informacionlocal.es\/de\/wp-json\/wp\/v2\/users\/1"}],"replies":[{"embeddable":true,"href":"https:\/\/informacionlocal.es\/de\/wp-json\/wp\/v2\/comments?post=5767"}],"version-history":[{"count":0,"href":"https:\/\/informacionlocal.es\/de\/wp-json\/wp\/v2\/posts\/5767\/revisions"}],"wp:featuredmedia":[{"embeddable":true,"href":"https:\/\/informacionlocal.es\/de\/wp-json\/wp\/v2\/media\/5763"}],"wp:attachment":[{"href":"https:\/\/informacionlocal.es\/de\/wp-json\/wp\/v2\/media?parent=5767"}],"wp:term":[{"taxonomy":"category","embeddable":true,"href":"https:\/\/informacionlocal.es\/de\/wp-json\/wp\/v2\/categories?post=5767"},{"taxonomy":"post_tag","embeddable":true,"href":"https:\/\/informacionlocal.es\/de\/wp-json\/wp\/v2\/tags?post=5767"}],"curies":[{"name":"wp","href":"https:\/\/api.w.org\/{rel}","templated":true}]}}