{"id":5754,"date":"2025-06-18T11:50:59","date_gmt":"2025-06-18T11:50:59","guid":{"rendered":"https:\/\/informacionlocal.es\/guadelante-canarias-bringt-integrative-und-egalitaere-arbeitsinformationen-von-antigua-nach-caleta-de-fuste\/"},"modified":"2025-06-18T11:50:59","modified_gmt":"2025-06-18T11:50:59","slug":"guadelante-canarias-bringt-integrative-und-egalitaere-arbeitsinformationen-von-antigua-nach-caleta-de-fuste","status":"publish","type":"post","link":"https:\/\/informacionlocal.es\/de\/guadelante-canarias-bringt-integrative-und-egalitaere-arbeitsinformationen-von-antigua-nach-caleta-de-fuste\/","title":{"rendered":"Guadelante Canarias bringt integrative und egalit\u00e4re Arbeitsinformationen von Antigua nach Caleta de Fuste"},"content":{"rendered":"<div class=\"elementor-widget-container\">\n<p><strong>Guadelante Canarias bringt integrative und egalit\u00e4re Arbeitsinformationen von Antigua nach Caleta de Fuste<\/strong><\/p>\n<p><strong>&#8211; Nachdem die Guadelante Canarias Guagua ihre Informationstage in Antigua abgehalten hat, wird sie am Donnerstag, den 19. Dezember von 10:00 bis 14:00 Uhr in die Tenencia de Alcald\u00eda in Caleta de Fuste umziehen.  <\/strong><br \/><strong>&#8211; Guadelante Canarias ber\u00e4t in den Bereichen Besch\u00e4ftigung, Ausbildung, Beihilfen und Sozialleistungen sowie bei der Anerkennung von Qualifikationen oder Stipendien und \u00f6ffnet damit T\u00fcren zu Gleichstellung und Integration.<\/strong><\/p>\n<p>Die Stadtverwaltung von Antigua unterst\u00fctzt \u00fcber die Personalabteilung, die direkt vom B\u00fcrgermeister Mat\u00edas Pe\u00f1a Garc\u00eda geleitet wird, und die Abteilung f\u00fcr soziale Dienste mit Am\u00e9rica Soto als zust\u00e4ndiger Stadtr\u00e4tin das vom Cepaim-Team mit dem Projekt Guadelante Canarias entwickelte integrative, egalit\u00e4re und beratende Projekt.<\/p>\n<p>Die Guagua Guadelante Canarias hat ihre Beratungsdienste am Dienstag, den 17. und Mittwoch, den 18. Juni auf dem Platz von Antigua angeboten und zieht am Donnerstag, den 19. Juni von 10:00 bis 14:00 Uhr nach Caleta de Fuste auf den Platz der Tenencia de Alcald\u00eda, um \u00fcber Besch\u00e4ftigung, Ausbildung, Beihilfen und Sozialleistungen sowie die Anerkennung von Abschl\u00fcssen oder Stipendien zu beraten.<\/p>\n<p>Beratung und Arbeit, die mit dem Ziel entwickelt wurden, Barrieren abzubauen und die Integration aller zu verbessern, unabh\u00e4ngig von Geschlecht, F\u00e4higkeiten, Herkunft oder Religion.<\/p>\n<p>Soledad Valli, Sprecherin und Technikerin der Cepaim-Stiftung, weist darauf hin, dass wir den Einrichtungen und allen Bewohnern sowohl pers\u00f6nlich als auch telefonisch zur Verf\u00fcgung stehen, um eine umfassende Unterst\u00fctzung zur Verbesserung der Besch\u00e4ftigungsf\u00e4higkeit und des Wohlbefindens durch psychosoziale Betreuung, Besch\u00e4ftigungsberatung und pers\u00f6nliche und berufliche Weiterbildung anzubieten und zu erleichtern.<\/p>\n<\/p>\n<\/div>\n","protected":false},"excerpt":{"rendered":"<p><strong>Guadelante Canarias bringt integrative und egalit\u00e4re Arbeitsinformationen von Antigua nach Caleta de Fuste<\/strong><\/p>\n","protected":false},"author":1,"featured_media":5747,"comment_status":"open","ping_status":"open","sticky":false,"template":"","format":"standard","meta":{"inline_featured_image":false,"jnews-multi-image_gallery":[],"jnews_single_post":[],"jnews_primary_category":[],"jnews_social_meta":[],"jnews_override_counter":[],"jnews_post_split":[],"footnotes":""},"categories":[283],"tags":[],"class_list":["post-5754","post","type-post","status-publish","format-standard","has-post-thumbnail","hentry","category-antigua-de"],"jetpack_featured_media_url":"https:\/\/informacionlocal.es\/wp-content\/uploads\/2025\/06\/cepaim-con-guadelante-en-antigua-scaled-1.jpg","_links":{"self":[{"href":"https:\/\/informacionlocal.es\/de\/wp-json\/wp\/v2\/posts\/5754","targetHints":{"allow":["GET"]}}],"collection":[{"href":"https:\/\/informacionlocal.es\/de\/wp-json\/wp\/v2\/posts"}],"about":[{"href":"https:\/\/informacionlocal.es\/de\/wp-json\/wp\/v2\/types\/post"}],"author":[{"embeddable":true,"href":"https:\/\/informacionlocal.es\/de\/wp-json\/wp\/v2\/users\/1"}],"replies":[{"embeddable":true,"href":"https:\/\/informacionlocal.es\/de\/wp-json\/wp\/v2\/comments?post=5754"}],"version-history":[{"count":0,"href":"https:\/\/informacionlocal.es\/de\/wp-json\/wp\/v2\/posts\/5754\/revisions"}],"wp:featuredmedia":[{"embeddable":true,"href":"https:\/\/informacionlocal.es\/de\/wp-json\/wp\/v2\/media\/5747"}],"wp:attachment":[{"href":"https:\/\/informacionlocal.es\/de\/wp-json\/wp\/v2\/media?parent=5754"}],"wp:term":[{"taxonomy":"category","embeddable":true,"href":"https:\/\/informacionlocal.es\/de\/wp-json\/wp\/v2\/categories?post=5754"},{"taxonomy":"post_tag","embeddable":true,"href":"https:\/\/informacionlocal.es\/de\/wp-json\/wp\/v2\/tags?post=5754"}],"curies":[{"name":"wp","href":"https:\/\/api.w.org\/{rel}","templated":true}]}}