{"id":5706,"date":"2025-06-18T09:12:34","date_gmt":"2025-06-18T09:12:34","guid":{"rendered":"https:\/\/informacionlocal.es\/pajara-war-gastgeber-des-europaeischen-forums-podertic-zum-thema-jugend-psychische-gesundheit-und-digitale-nutzung\/"},"modified":"2025-06-18T09:12:34","modified_gmt":"2025-06-18T09:12:34","slug":"pajara-war-gastgeber-des-europaeischen-forums-podertic-zum-thema-jugend-psychische-gesundheit-und-digitale-nutzung","status":"publish","type":"post","link":"https:\/\/informacionlocal.es\/de\/pajara-war-gastgeber-des-europaeischen-forums-podertic-zum-thema-jugend-psychische-gesundheit-und-digitale-nutzung\/","title":{"rendered":"P\u00e1jara war Gastgeber des europ\u00e4ischen Forums PoderTIC zum Thema Jugend, psychische Gesundheit und digitale Nutzung."},"content":{"rendered":"<div class=\"entry-content\">\n<p><b><i>W\u00e4hrend des Treffens wurde ein neues Erasmus+-Projekt vorgestellt, das jungen Menschen aus der Gemeinde eine Ausbildungserfahrung durch eine Interrail-Reise durch Europa bieten wird.<\/i><\/b><\/p>\n<p><span>  Das Rathaus von P\u00e1jara war am vergangenen Wochenende Gastgeber der Veranstaltung PoderTIC, die die Gemeinde zu einem Treffpunkt f\u00fcr die europ\u00e4ische Debatte \u00fcber die Herausforderungen der digitalen Nutzung der psychischen Gesundheit von Jugendlichen machte.  <\/span><\/p>\n<p><span>W\u00e4hrend des Forums nahmen Experten, Techniker und junge Menschen aus Spanien, Rum\u00e4nien, Bulgarien, Deutschland und Portugal an Rundtischgespr\u00e4chen, Workshops, dem Austausch bew\u00e4hrter Verfahren und dem Dialog zwischen den Generationen teil. Dar\u00fcber hinaus wurde ein neues Erasmus+-Projekt offiziell vorgestellt, in dessen Rahmen mehrere Jugendliche aus der Gemeinde demn\u00e4chst eine Interrail-Reise durch Europa unternehmen werden, die mit Ausbildungsaktivit\u00e4ten und internationalem Zusammenleben verbunden ist.   <\/span><\/p>\n<p><span>Der Stadtrat f\u00fcr Jugend, Juan Jos\u00e9 Viera, betonte, wie wichtig es ist, dass junge Menschen in der Gemeinde aktiv an dieser Art von Initiative teilnehmen. \u201ePoderTic hat gezeigt, dass P\u00e1jara eine Referenz bei der F\u00f6rderung der Jugendpolitik im Zusammenhang mit den gro\u00dfen aktuellen Herausforderungen sein kann\u201c, f\u00fcgte er hinzu.   <\/span><\/p>\n<p><span>Die Aktivit\u00e4ten fanden in der Escuela Residencia de Hosteler\u00eda y Turismo de P\u00e1jara, in Esquinzo, und in der Casa de la Juventud in Morro Jable statt. An der Abschlussveranstaltung in Puerto del Rosario nahm der Generaldirektor f\u00fcr psychische Gesundheit und S\u00fcchte der Kanarischen Regierung, Fernando G\u00f3mez-Pamo Guerra del R\u00edo, teil.   <\/span><\/p>\n<p><span>PoderTIC ist Teil einer europ\u00e4ischen Kooperationsinitiative, die sich der kritischen Reflexion und der aktiven Beteiligung junger Menschen am Aufbau eines ausgewogenen und bewussten Umgangs mit digitalen Technologien verschrieben hat. Der Stadtrat betont, wie wichtig es ist, R\u00e4ume zu schaffen, die den Dialog zwischen jungen Menschen, Fachleuten und \u00f6ffentlichen Beamten f\u00f6rdern. <\/span><\/p>\n<\/div>\n","protected":false},"excerpt":{"rendered":"<p><i>W\u00e4hrend des Treffens wurde ein neues Erasmus+-Projekt vorgestellt, das jungen Menschen aus der Gemeinde eine Ausbildungserfahrung durch eine Interrail-Reise durch Europa bieten wird.<\/i><\/p>\n","protected":false},"author":1,"featured_media":5703,"comment_status":"open","ping_status":"open","sticky":false,"template":"","format":"standard","meta":{"inline_featured_image":false,"jnews-multi-image_gallery":[],"jnews_single_post":[],"jnews_primary_category":[],"jnews_social_meta":[],"jnews_override_counter":[],"jnews_post_split":[],"footnotes":""},"categories":[297],"tags":[354],"class_list":["post-5706","post","type-post","status-publish","format-standard","has-post-thumbnail","hentry","category-pajara-de","tag-jugend"],"jetpack_featured_media_url":"https:\/\/informacionlocal.es\/wp-content\/uploads\/2025\/06\/whatsapp-image-2025-06-16-at-10-21-40.jpeg","_links":{"self":[{"href":"https:\/\/informacionlocal.es\/de\/wp-json\/wp\/v2\/posts\/5706","targetHints":{"allow":["GET"]}}],"collection":[{"href":"https:\/\/informacionlocal.es\/de\/wp-json\/wp\/v2\/posts"}],"about":[{"href":"https:\/\/informacionlocal.es\/de\/wp-json\/wp\/v2\/types\/post"}],"author":[{"embeddable":true,"href":"https:\/\/informacionlocal.es\/de\/wp-json\/wp\/v2\/users\/1"}],"replies":[{"embeddable":true,"href":"https:\/\/informacionlocal.es\/de\/wp-json\/wp\/v2\/comments?post=5706"}],"version-history":[{"count":0,"href":"https:\/\/informacionlocal.es\/de\/wp-json\/wp\/v2\/posts\/5706\/revisions"}],"wp:featuredmedia":[{"embeddable":true,"href":"https:\/\/informacionlocal.es\/de\/wp-json\/wp\/v2\/media\/5703"}],"wp:attachment":[{"href":"https:\/\/informacionlocal.es\/de\/wp-json\/wp\/v2\/media?parent=5706"}],"wp:term":[{"taxonomy":"category","embeddable":true,"href":"https:\/\/informacionlocal.es\/de\/wp-json\/wp\/v2\/categories?post=5706"},{"taxonomy":"post_tag","embeddable":true,"href":"https:\/\/informacionlocal.es\/de\/wp-json\/wp\/v2\/tags?post=5706"}],"curies":[{"name":"wp","href":"https:\/\/api.w.org\/{rel}","templated":true}]}}