{"id":5682,"date":"2025-06-17T16:54:10","date_gmt":"2025-06-17T16:54:10","guid":{"rendered":"https:\/\/informacionlocal.es\/puerto-del-rosario-praesentiert-die-makro-sportveranstaltung-sol-y-luna-die-am-samstag-den-21-juni-in-playa-blanca-stattfindet\/"},"modified":"2025-06-17T16:54:10","modified_gmt":"2025-06-17T16:54:10","slug":"puerto-del-rosario-praesentiert-die-makro-sportveranstaltung-sol-y-luna-die-am-samstag-den-21-juni-in-playa-blanca-stattfindet","status":"publish","type":"post","link":"https:\/\/informacionlocal.es\/de\/puerto-del-rosario-praesentiert-die-makro-sportveranstaltung-sol-y-luna-die-am-samstag-den-21-juni-in-playa-blanca-stattfindet\/","title":{"rendered":"Puerto del Rosario pr\u00e4sentiert die Makro-Sportveranstaltung \u201eSol y Luna\u201c, die am Samstag, den 21. Juni in Playa Blanca stattfindet."},"content":{"rendered":"<div class=\"entry-content\">\n<p>Am Dienstag, den 17. Juni, fand um die Mittagszeit im Hotel \u201eEl Mirador\u201c (ehemaliger Parador) die XX. Ausgabe der Makro-Sportveranstaltung \u201eSol y Luna\u201c statt.<\/p>\n<p>An diesem Samstag, dem 21. Juni, werden ab 10.00 Uhr morgens in Playa Blanca zahlreiche sportliche Ereignisse gefeiert, mit Auftritten von Son de Aqu\u00ed y All\u00e1, DJ Evando Moreira, DJ Alfonso, Javi Chac\u00f3n, Alma Rebelde, Los Ochenteros, Taknara und DJ Ricardo Araujo.<\/p>\n<p>Alle 30 Minuten f\u00e4hrt ein kostenloser Bus vom Busbahnhof in Puerto del Rosario.<\/p>\n<p>Der <strong>B\u00fcrgermeister, David de Vera<\/strong>, l\u00e4dt \u201ealle ein, diesen besonderen Tag in der Gemeinde mit Familie und Freunden zu genie\u00dfen, bei einer gemeinsamen Veranstaltung, bei der jedes Jahr Sportler aller Altersgruppen zusammenkommen\u201c.<\/p>\n<p>Der <strong>Stadtrat f\u00fcr Sport, Luis Chac\u00f3n,<\/strong> \u201edankt allen, die diese Veranstaltung m\u00f6glich machen und ermutigt zur Teilnahme an einem besonderen Ort, an dem Sport und Kultur zusammenkommen\u201c.<\/p>\n<p>Das Rathaus von Puerto del Rosario l\u00e4dt alle ein, diesen Samstag mit \u201eSol y Luna\u201c in Playa Blanca zu genie\u00dfen.<\/p>\n<p>Hinweis: Alle Informationen \u00fcber Aktivit\u00e4ten in den kommunalen sozialen Netzwerken und Veranstaltungsbrosch\u00fcren.<\/p>\n<\/div>\n","protected":false},"excerpt":{"rendered":"<p>Am Dienstag, den 17. Juni, fand um die Mittagszeit im Hotel \u201eEl Mirador\u201c (ehemaliger Parador) die XX. Ausgabe der Makro-Sportveranstaltung \u201eSol y Luna\u201c statt. An diesem Samstag, dem 21. Juni, [&hellip;]<\/p>\n","protected":false},"author":1,"featured_media":5679,"comment_status":"open","ping_status":"open","sticky":false,"template":"","format":"standard","meta":{"inline_featured_image":false,"jnews-multi-image_gallery":[],"jnews_single_post":[],"jnews_primary_category":[],"jnews_social_meta":[],"jnews_override_counter":[],"jnews_post_split":[],"footnotes":""},"categories":[293],"tags":[],"class_list":["post-5682","post","type-post","status-publish","format-standard","has-post-thumbnail","hentry","category-puerto-del-rosario-de"],"jetpack_featured_media_url":"https:\/\/informacionlocal.es\/wp-content\/uploads\/2025\/06\/solyluna-25-titu-pre-grupo-grande.jpg","_links":{"self":[{"href":"https:\/\/informacionlocal.es\/de\/wp-json\/wp\/v2\/posts\/5682","targetHints":{"allow":["GET"]}}],"collection":[{"href":"https:\/\/informacionlocal.es\/de\/wp-json\/wp\/v2\/posts"}],"about":[{"href":"https:\/\/informacionlocal.es\/de\/wp-json\/wp\/v2\/types\/post"}],"author":[{"embeddable":true,"href":"https:\/\/informacionlocal.es\/de\/wp-json\/wp\/v2\/users\/1"}],"replies":[{"embeddable":true,"href":"https:\/\/informacionlocal.es\/de\/wp-json\/wp\/v2\/comments?post=5682"}],"version-history":[{"count":0,"href":"https:\/\/informacionlocal.es\/de\/wp-json\/wp\/v2\/posts\/5682\/revisions"}],"wp:featuredmedia":[{"embeddable":true,"href":"https:\/\/informacionlocal.es\/de\/wp-json\/wp\/v2\/media\/5679"}],"wp:attachment":[{"href":"https:\/\/informacionlocal.es\/de\/wp-json\/wp\/v2\/media?parent=5682"}],"wp:term":[{"taxonomy":"category","embeddable":true,"href":"https:\/\/informacionlocal.es\/de\/wp-json\/wp\/v2\/categories?post=5682"},{"taxonomy":"post_tag","embeddable":true,"href":"https:\/\/informacionlocal.es\/de\/wp-json\/wp\/v2\/tags?post=5682"}],"curies":[{"name":"wp","href":"https:\/\/api.w.org\/{rel}","templated":true}]}}