{"id":5658,"date":"2025-06-17T11:17:14","date_gmt":"2025-06-17T11:17:14","guid":{"rendered":"https:\/\/informacionlocal.es\/der-stadtrat-von-pajara-vergibt-den-auftrag-fuer-die-ausarbeitung-des-projekts-fuer-das-sportzentrum-costa-calma\/"},"modified":"2025-06-17T11:17:14","modified_gmt":"2025-06-17T11:17:14","slug":"der-stadtrat-von-pajara-vergibt-den-auftrag-fuer-die-ausarbeitung-des-projekts-fuer-das-sportzentrum-costa-calma","status":"publish","type":"post","link":"https:\/\/informacionlocal.es\/de\/der-stadtrat-von-pajara-vergibt-den-auftrag-fuer-die-ausarbeitung-des-projekts-fuer-das-sportzentrum-costa-calma\/","title":{"rendered":"Der Stadtrat von P\u00e1jara vergibt den Auftrag f\u00fcr die Ausarbeitung des Projekts f\u00fcr das Sportzentrum Costa Calma."},"content":{"rendered":"<div class=\"entry-content\">\n<p><b><i>Die Anlage wird einen multifunktionalen Bereich, Trib\u00fcnen f\u00fcr 600 Personen, eine Sporthalle, Mehrzweckr\u00e4ume, Umkleider\u00e4ume, eine Cafeteria und B\u00fcros umfassen, die alle barrierefrei und nachhaltig gestaltet sind.  <\/i><\/b><\/p>\n<p><span>Das Rathaus von P\u00e1jara hat den Auftrag f\u00fcr die Ausarbeitung des Projekts f\u00fcr das k\u00fcnftige Sportzentrum von Costa Calma f\u00fcr einen Gesamtbetrag von 160.500 Euro vergeben.  <\/span><\/p>\n<p><span>Das Projekt wird im Gewerbegebiet D5 in der Wohnsiedlung Ca\u00f1ada del R\u00edo, neben dem Fu\u00dfballplatz, durchgef\u00fchrt. Das technische Team hat ab der Unterzeichnung des Vertrags acht Monate Zeit, um den Entwurf zu erstellen.   <\/span><\/p>\n<p><span>Der erste stellvertretende B\u00fcrgermeister und Stadtrat f\u00fcr Bauwesen, Alexis Alonso, weist darauf hin, dass \u201ediese Infrastruktur nicht nur das Sportangebot der Gemeinde erweitern, sondern auch zum st\u00e4dtischen Wachstum von Costa Calma beitragen wird\u201c. Er erkl\u00e4rt auch, dass \u201eder Komplex eine Fl\u00e4che von etwa 4.000 Quadratmetern einnehmen wird und einen f\u00fcr verschiedene Sportarten vorbereiteten Bereich, Trib\u00fcnen f\u00fcr 600 Personen, eine Sporthalle, Mehrzweckr\u00e4ume, Umkleider\u00e4ume, eine Cafeteria und B\u00fcros umfassen wird, die alle unter Ber\u00fccksichtigung von Zug\u00e4nglichkeits- und Nachhaltigkeitskriterien entworfen wurden\u201c.   <\/span><\/p>\n<p><span>Der B\u00fcrgermeister von P\u00e1jara, Alejandro Jorge, hebt die Ma\u00dfnahme als Teil der kommunalen Strategie hervor, \u201eCosta Calma mit einer modernen, zug\u00e4nglichen und an die Bed\u00fcrfnisse der Gemeinde angepassten Sportanlage auszustatten\u201c. Er f\u00fcgt hinzu, dass \u201edies ein Ort sein wird, an dem alle Einwohner Sport treiben und gesunde Aktivit\u00e4ten genie\u00dfen k\u00f6nnen\u201c.   <\/span><\/p>\n<p><span>Der Stadtrat f\u00fcr Sport, Jos\u00e9 Benito Alonso, betont, wie wichtig es ist, dass diese neue Infrastruktur ein Sportplatz f\u00fcr alle ist. \u201eDie Einrichtungen werden f\u00fcr Menschen mit eingeschr\u00e4nkter Mobilit\u00e4t angepasst und so konzipiert, dass sie den Sportlern, der \u00d6ffentlichkeit und dem Personal, das hier arbeitet, ein umfassendes Erlebnis bieten\u201c, sagt er. <\/span><\/p>\n<p><span>Mit dieser Auszeichnung macht das Rathaus von P\u00e1jara Fortschritte bei der technischen Planung, die f\u00fcr die Ausf\u00fchrung dieser Infrastruktur erforderlich ist. Diese Phase ist von entscheidender Bedeutung, um sicherzustellen, dass der endg\u00fcltige Entwurf den tats\u00e4chlichen Bed\u00fcrfnissen der Nutzer entspricht, die geltenden Vorschriften erf\u00fcllt und mit maximalen Garantien f\u00fcr Qualit\u00e4t und Sicherheit ausgef\u00fchrt wird.   <\/span><\/p>\n<\/div>\n","protected":false},"excerpt":{"rendered":"<p><i>Die Anlage wird einen multifunktionalen Bereich, Trib\u00fcnen f\u00fcr 600 Personen, eine Sporthalle, Mehrzweckr\u00e4ume, Umkleider\u00e4ume, eine Cafeteria und B\u00fcros umfassen, die alle barrierefrei und nachhaltig gestaltet sind.  <\/i><\/p>\n","protected":false},"author":1,"featured_media":5655,"comment_status":"open","ping_status":"open","sticky":false,"template":"","format":"standard","meta":{"inline_featured_image":false,"jnews-multi-image_gallery":[],"jnews_single_post":[],"jnews_primary_category":[],"jnews_social_meta":[],"jnews_override_counter":[],"jnews_post_split":[],"footnotes":""},"categories":[297],"tags":[],"class_list":["post-5658","post","type-post","status-publish","format-standard","has-post-thumbnail","hentry","category-pajara-de"],"jetpack_featured_media_url":"https:\/\/informacionlocal.es\/wp-content\/uploads\/2025\/06\/whatsapp-image-2025-06-17-at-09-59-39.jpeg","_links":{"self":[{"href":"https:\/\/informacionlocal.es\/de\/wp-json\/wp\/v2\/posts\/5658","targetHints":{"allow":["GET"]}}],"collection":[{"href":"https:\/\/informacionlocal.es\/de\/wp-json\/wp\/v2\/posts"}],"about":[{"href":"https:\/\/informacionlocal.es\/de\/wp-json\/wp\/v2\/types\/post"}],"author":[{"embeddable":true,"href":"https:\/\/informacionlocal.es\/de\/wp-json\/wp\/v2\/users\/1"}],"replies":[{"embeddable":true,"href":"https:\/\/informacionlocal.es\/de\/wp-json\/wp\/v2\/comments?post=5658"}],"version-history":[{"count":0,"href":"https:\/\/informacionlocal.es\/de\/wp-json\/wp\/v2\/posts\/5658\/revisions"}],"wp:featuredmedia":[{"embeddable":true,"href":"https:\/\/informacionlocal.es\/de\/wp-json\/wp\/v2\/media\/5655"}],"wp:attachment":[{"href":"https:\/\/informacionlocal.es\/de\/wp-json\/wp\/v2\/media?parent=5658"}],"wp:term":[{"taxonomy":"category","embeddable":true,"href":"https:\/\/informacionlocal.es\/de\/wp-json\/wp\/v2\/categories?post=5658"},{"taxonomy":"post_tag","embeddable":true,"href":"https:\/\/informacionlocal.es\/de\/wp-json\/wp\/v2\/tags?post=5658"}],"curies":[{"name":"wp","href":"https:\/\/api.w.org\/{rel}","templated":true}]}}