{"id":5646,"date":"2025-06-17T11:11:49","date_gmt":"2025-06-17T11:11:49","guid":{"rendered":"https:\/\/informacionlocal.es\/la-oliva-foerdert-eine-initiative-zur-sensibilisierung-fuer-die-berufe-des-primaersektors\/"},"modified":"2025-06-17T11:11:49","modified_gmt":"2025-06-17T11:11:49","slug":"la-oliva-foerdert-eine-initiative-zur-sensibilisierung-fuer-die-berufe-des-primaersektors","status":"publish","type":"post","link":"https:\/\/informacionlocal.es\/de\/la-oliva-foerdert-eine-initiative-zur-sensibilisierung-fuer-die-berufe-des-primaersektors\/","title":{"rendered":"La Oliva f\u00f6rdert eine Initiative zur Sensibilisierung f\u00fcr die Berufe des Prim\u00e4rsektors"},"content":{"rendered":"<p>Die Stadtverwaltung von La Oliva f\u00f6rdert \u00fcber die Abteilung f\u00fcr den prim\u00e4ren Sektor, die von Rub\u00e9n Gonz\u00e1lez geleitet wird, im Rahmen des Projekts \u201eVom Land\u201c die Verbreitung von Landwirtschaft und Viehzucht. Ziel dieser Initiative ist es, das Bewusstsein f\u00fcr die auf Fuerteventura entwickelten Berufe zu sch\u00e4rfen, um den Reichtum und die kulturellen Wurzeln zu w\u00fcrdigen und den neuen Generationen und dem Rest der Bev\u00f6lkerung die wichtige Rolle dieser Aufgaben f\u00fcr die Gemeinde aufzuzeigen. <\/p>\n<p>Die Aktivit\u00e4ten werden in Tindaya und La Caldereta, zwei der l\u00e4ndlichen D\u00f6rfer von La Oliva, stattfinden, nicht nur um die Arbeit dieser Berufe zu lehren, sondern auch um die M\u00f6glichkeiten aufzuzeigen, die sie weiterhin bieten. Diese Aktivit\u00e4ten zielen auf eine R\u00fcckbesinnung auf die Wurzeln und das Wesen des Majorero-Volkes ab und haben ihrerseits als Voraussetzung ein neues Paradigma, die nachhaltige lokale Entwicklung. In diesem Sinne passen sich die Berufe den aktuellen Anforderungen und Bed\u00fcrfnissen an, wobei sie die Tradition bewahren, ohne die Realit\u00e4t zu vernachl\u00e4ssigen, mit der nicht nur der Sektor, sondern auch die Umst\u00e4nde, in denen er sich befindet, konfrontiert sind.  <\/p>\n<p>Der B\u00fcrgermeister von La Oliva, Isa\u00ed Blanco, betont, wie wichtig es ist, das theoretische, aber auch das praktische Wissen \u00fcber die alten Lebensgrundlagen zu f\u00f6rdern: \u201eDieses Projekt bringt den neuen Generationen die Realit\u00e4t unserer Insel und die wichtigsten Lebensgrundlagen vergangener Zeiten n\u00e4her. In diesem Sinne er\u00f6ffnet es auch den J\u00fcngsten der Gemeinde einen neuen Horizont, damit sie die M\u00f6glichkeiten kennenlernen, in diesen Aufgaben des Landes, in diesen Berufen zu arbeiten, die unsere Tradition und die Geschichte Fuerteventuras darstellen\u201c.<\/p>\n<p>Auch der Stadtrat f\u00fcr den Prim\u00e4rsektor, Rub\u00e9n Gonz\u00e1lez, unterstreicht die Arbeit, die die Verwaltung leisten muss, um unsere Traditionen zu f\u00f6rdern: \u201eZweifelsohne sind die Berufe unseres Prim\u00e4rsektors wie Landwirtschaft und Viehzucht die Geschichte unseres Landes und definieren, wer wir als Majorero-Volk waren, mit Br\u00e4uchen, die bis heute \u00fcberlebt haben, weshalb es wichtig ist, sie bei unseren jungen Leuten weiter zu f\u00f6rdern\u201c.  <\/p>\n<p>\u201eDiese Berufe zu vergessen, bedeutet also zu vergessen, wer wir waren. Durch diese Aktivit\u00e4ten, die den Kindern in den Schulen beigebracht werden, konzentrieren wir uns darauf, wer unsere Vorfahren waren und wovon sie lebten, und gleichzeitig pflanzen wir einen Samen in die K\u00f6pfe unserer jungen Menschen, damit sie einen alternativen Beruf entdecken, mit dem sie dieses Erbe fortf\u00fchren k\u00f6nnen\u201c, betont Gonz\u00e1lez.  <\/p>\n<p>Diese Aktivit\u00e4t spiegelt den Willen des Konsistoriums wider, nicht nur die F\u00f6rderung der Traditionen und Br\u00e4uche der Insel fortzusetzen, sondern auch den prim\u00e4ren Sektor in der Gemeinde zu f\u00f6rdern, bei dieser Gelegenheit durch die Verbreitung der Berufe des Landes unter den J\u00fcngsten.<\/p>\n","protected":false},"excerpt":{"rendered":"<p><span>Im Rahmen des Programms \u201eAus dem Land\u201c m\u00f6chte die Abteilung f\u00fcr den prim\u00e4ren Sektor die verschiedenen Berufe vergangener Zeiten auf der Insel zeigen, um die Br\u00e4uche und Traditionen des Volkes von Majorero zu f\u00f6rdern.<\/span><\/p>\n","protected":false},"author":1,"featured_media":5643,"comment_status":"open","ping_status":"open","sticky":false,"template":"","format":"standard","meta":{"inline_featured_image":false,"jnews-multi-image_gallery":[],"jnews_single_post":[],"jnews_primary_category":[],"jnews_social_meta":[],"jnews_override_counter":[],"jnews_post_split":[],"footnotes":""},"categories":[291],"tags":[216],"class_list":["post-5646","post","type-post","status-publish","format-standard","has-post-thumbnail","hentry","category-la-oliva-de","tag-fuerteventura-de"],"jetpack_featured_media_url":"https:\/\/informacionlocal.es\/wp-content\/uploads\/2025\/06\/5216_2104b440.png","_links":{"self":[{"href":"https:\/\/informacionlocal.es\/de\/wp-json\/wp\/v2\/posts\/5646","targetHints":{"allow":["GET"]}}],"collection":[{"href":"https:\/\/informacionlocal.es\/de\/wp-json\/wp\/v2\/posts"}],"about":[{"href":"https:\/\/informacionlocal.es\/de\/wp-json\/wp\/v2\/types\/post"}],"author":[{"embeddable":true,"href":"https:\/\/informacionlocal.es\/de\/wp-json\/wp\/v2\/users\/1"}],"replies":[{"embeddable":true,"href":"https:\/\/informacionlocal.es\/de\/wp-json\/wp\/v2\/comments?post=5646"}],"version-history":[{"count":0,"href":"https:\/\/informacionlocal.es\/de\/wp-json\/wp\/v2\/posts\/5646\/revisions"}],"wp:featuredmedia":[{"embeddable":true,"href":"https:\/\/informacionlocal.es\/de\/wp-json\/wp\/v2\/media\/5643"}],"wp:attachment":[{"href":"https:\/\/informacionlocal.es\/de\/wp-json\/wp\/v2\/media?parent=5646"}],"wp:term":[{"taxonomy":"category","embeddable":true,"href":"https:\/\/informacionlocal.es\/de\/wp-json\/wp\/v2\/categories?post=5646"},{"taxonomy":"post_tag","embeddable":true,"href":"https:\/\/informacionlocal.es\/de\/wp-json\/wp\/v2\/tags?post=5646"}],"curies":[{"name":"wp","href":"https:\/\/api.w.org\/{rel}","templated":true}]}}